{"id":67220,"date":"2025-11-11T17:34:54","date_gmt":"2025-11-11T14:34:54","guid":{"rendered":"https:\/\/www.egemtv.com\/?p=67220"},"modified":"2025-11-11T17:34:55","modified_gmt":"2025-11-11T14:34:55","slug":"didimde-fidanlar-toprakla-bulusturuldu","status":"publish","type":"post","link":"https:\/\/www.egemtv.com\/?p=67220","title":{"rendered":"Didim\u2019de fidanlar toprakla bulu\u015fturuldu"},"content":{"rendered":"<p>Ayd\u0131n\u2019\u0131n Didim il\u00e7esinde 11 Kas\u0131m Milli A\u011fa\u00e7land\u0131rma G\u00fcn\u00fc dolay\u0131s\u0131yla \u00fclke genelinde e\u015f zamanl\u0131 olarak ger\u00e7ekle\u015ftirilen fidan dikim kampanyas\u0131 kapsam\u0131nda bir etkinlik d\u00fczenlendi.<\/p>\n<p>Denizk\u00f6y Mahallesi\u2019nde d\u00fczenlenen etkinlik Didim Kaymakam\u0131 Mesut \u00c7oban, Didim Garnizon Komutan\u0131 Erkut Arslan, Didim Belediye Ba\u015fkan\u0131 Hatice Gen\u00e7ay, il\u00e7e protokol\u00fc \u00fcyeleri, siyasi parti ve sivil toplum kurulu\u015fu temsilcileri ve halk\u0131n yo\u011fun kat\u0131l\u0131m\u0131yla ger\u00e7ekle\u015ftirildi. Didim Orman \u0130\u015fletme \u015eefli\u011fi\u2019nin deste\u011fiyle y\u00fczlerce fidan\u0131 toprakla bulu\u015fturarak, do\u011fa sevgisi ve \u00e7evre bilincinin \u00f6nemini bir kez daha ortaya koydu. Didim Belediye Ba\u015fkan\u0131 Hatice Gen\u00e7ay, etkinlikle ilgili yapt\u0131\u011f\u0131 a\u00e7\u0131klamada, &#8220;Do\u011fay\u0131 korumak ve gelecek nesillere daha ye\u015fil bir d\u00fcnya b\u0131rakmak hepimizin ortak sorumlulu\u011fudur. Her dikilen fidan, gelece\u011fimizin teminat\u0131d\u0131r. Bu etkinlik hem \u00e7evre bilincimizi peki\u015ftiriyor hem de \u00e7ocuklar\u0131m\u0131za do\u011fa sevgisini a\u015f\u0131l\u0131yor. Her bir fidan, Didim\u2019in gelece\u011fine nefes oluyor. Gelin, do\u011fayla bulu\u015fmaya, birlikte ye\u015fil bir gelecek in\u015fa etmeye devam edelim&#8221; dedi.<br \/>\n<br \/>Etkinlik sonunda kat\u0131l\u0131mc\u0131lar, diktikleri fidanlar\u0131n bak\u0131m\u0131n\u0131 \u00fcstlenme s\u00f6z\u00fc verirken, Didim genelinde a\u011fa\u00e7land\u0131rma \u00e7al\u0131\u015fmalar\u0131n\u0131n y\u0131l boyunca devam edece\u011fi belirtildi.<br \/><\/p>\n","protected":false},"excerpt":{"rendered":"<p>Ayd\u0131n\u2019\u0131n Didim il\u00e7esinde 11 Kas\u0131m Milli A\u011fa\u00e7land\u0131rma G\u00fcn\u00fc dolay\u0131s\u0131yla \u00fclke genelinde e\u015f zamanl\u0131 olarak ger\u00e7ekle\u015ftirilen fidan dikim kampanyas\u0131 kapsam\u0131nda bir etkinlik d\u00fczenlendi. Denizk\u00f6y Mahallesi\u2019nde d\u00fczenlenen etkinlik Didim Kaymakam\u0131 Mesut \u00c7oban, Didim Garnizon Komutan\u0131 Erkut Arslan, Didim Belediye Ba\u015fkan\u0131 Hatice Gen\u00e7ay, il\u00e7e protokol\u00fc \u00fcyeleri, siyasi parti ve sivil toplum kurulu\u015fu temsilcileri ve halk\u0131n yo\u011fun kat\u0131l\u0131m\u0131yla ger\u00e7ekle\u015ftirildi&#8230;.<\/p>\n","protected":false},"author":1,"featured_media":67221,"comment_status":"open","ping_status":"open","sticky":false,"template":"","format":"standard","meta":{"_crdt_document":"","footnotes":""},"categories":[1],"tags":[],"class_list":["post-67220","post","type-post","status-publish","format-standard","has-post-thumbnail","hentry","category-guncel"],"_links":{"self":[{"href":"https:\/\/www.egemtv.com\/index.php?rest_route=\/wp\/v2\/posts\/67220","targetHints":{"allow":["GET"]}}],"collection":[{"href":"https:\/\/www.egemtv.com\/index.php?rest_route=\/wp\/v2\/posts"}],"about":[{"href":"https:\/\/www.egemtv.com\/index.php?rest_route=\/wp\/v2\/types\/post"}],"author":[{"embeddable":true,"href":"https:\/\/www.egemtv.com\/index.php?rest_route=\/wp\/v2\/users\/1"}],"replies":[{"embeddable":true,"href":"https:\/\/www.egemtv.com\/index.php?rest_route=%2Fwp%2Fv2%2Fcomments&post=67220"}],"version-history":[{"count":1,"href":"https:\/\/www.egemtv.com\/index.php?rest_route=\/wp\/v2\/posts\/67220\/revisions"}],"predecessor-version":[{"id":67222,"href":"https:\/\/www.egemtv.com\/index.php?rest_route=\/wp\/v2\/posts\/67220\/revisions\/67222"}],"wp:featuredmedia":[{"embeddable":true,"href":"https:\/\/www.egemtv.com\/index.php?rest_route=\/wp\/v2\/media\/67221"}],"wp:attachment":[{"href":"https:\/\/www.egemtv.com\/index.php?rest_route=%2Fwp%2Fv2%2Fmedia&parent=67220"}],"wp:term":[{"taxonomy":"category","embeddable":true,"href":"https:\/\/www.egemtv.com\/index.php?rest_route=%2Fwp%2Fv2%2Fcategories&post=67220"},{"taxonomy":"post_tag","embeddable":true,"href":"https:\/\/www.egemtv.com\/index.php?rest_route=%2Fwp%2Fv2%2Ftags&post=67220"}],"curies":[{"name":"wp","href":"https:\/\/api.w.org\/{rel}","templated":true}]}}