{"id":67217,"date":"2025-11-11T17:15:18","date_gmt":"2025-11-11T14:15:18","guid":{"rendered":"https:\/\/www.egemtv.com\/?p=67217"},"modified":"2025-11-11T17:15:19","modified_gmt":"2025-11-11T14:15:19","slug":"aydinda-toplamda-48-yil-hapis-cezasi-bulunan-iki-firari-yakalandi","status":"publish","type":"post","link":"https:\/\/www.egemtv.com\/?p=67217","title":{"rendered":"Ayd\u0131n\u2019da toplamda 48 y\u0131l hapis cezas\u0131 bulunan iki firari yakaland\u0131"},"content":{"rendered":"<p>Ayd\u0131n \u0130l Emniyet M\u00fcd\u00fcrl\u00fc\u011f\u00fc ekiplerince ger\u00e7ekle\u015ftirilen operasyonla, farkl\u0131 cezaevlerinden firar eden ve toplamda 48 y\u0131l hapis cezas\u0131 bulunan iki firari yakaland\u0131.<\/p>\n<p>Edinilen bilgiye g\u00f6re, Ayd\u0131n \u0130l Emniyet M\u00fcd\u00fcrl\u00fc\u011f\u00fc ekipleri taraf\u0131ndan aranan \u015fah\u0131slar\u0131n yakalanmas\u0131na y\u00f6nelik s\u00fcrd\u00fcr\u00fclen \u00e7al\u0131\u015fmalar kapsam\u0131nda, Efeler il\u00e7esi Tepecik Mahallesi\u2019nde sakland\u0131klar\u0131 belirlenen iki firari tespit edildi. Hakk\u0131nda h\u0131rs\u0131zl\u0131k, mala zarar verme ve konut dokunulmazl\u0131\u011f\u0131n\u0131 ihlal etme su\u00e7lar\u0131ndan kesinle\u015fmi\u015f 36 y\u0131l 3 ay 15 g\u00fcn hapis cezas\u0131 bulunan ve 2025 y\u0131l\u0131 i\u00e7inde Denizli A\u00e7\u0131k Ceza \u0130nfaz Kurumu\u2019ndan firar eden E.\u00dc. ile iftira ve tutuklu veya h\u00fck\u00fcml\u00fcn\u00fcn ka\u00e7mas\u0131 su\u00e7lar\u0131ndan 12 y\u0131l kesinle\u015fmi\u015f hapis cezas\u0131 bulunan ve 2025 y\u0131l\u0131 i\u00e7inde Ayval\u0131k A\u00e7\u0131k Ceza \u0130nfaz Kurumu\u2019ndan firar eden S.B., Asayi\u015f \u015eube M\u00fcd\u00fcrl\u00fc\u011f\u00fc Aranan \u015eah\u0131slar B\u00fcro Amirli\u011fi koordinesinde H\u0131rs\u0131zl\u0131k B\u00fcro Amirli\u011fi ve Motosikletli Timler Amirli\u011fi ekiplerinin d\u00fczenledi\u011fi operasyonla k\u0131sk\u0131vrak yakaland\u0131. Yakalanan iki firari, emniyetteki i\u015flemlerinin ard\u0131ndan adliyeye sevk edildi. Adliyede hakim kar\u015f\u0131s\u0131na \u00e7\u0131kart\u0131lan \u015fah\u0131slar tutuklanarak cezaevine g\u00f6nderildi.<br \/><\/p>\n","protected":false},"excerpt":{"rendered":"<p>Ayd\u0131n \u0130l Emniyet M\u00fcd\u00fcrl\u00fc\u011f\u00fc ekiplerince ger\u00e7ekle\u015ftirilen operasyonla, farkl\u0131 cezaevlerinden firar eden ve toplamda 48 y\u0131l hapis cezas\u0131 bulunan iki firari yakaland\u0131. Edinilen bilgiye g\u00f6re, Ayd\u0131n \u0130l Emniyet M\u00fcd\u00fcrl\u00fc\u011f\u00fc ekipleri taraf\u0131ndan aranan \u015fah\u0131slar\u0131n yakalanmas\u0131na y\u00f6nelik s\u00fcrd\u00fcr\u00fclen \u00e7al\u0131\u015fmalar kapsam\u0131nda, Efeler il\u00e7esi Tepecik Mahallesi\u2019nde sakland\u0131klar\u0131 belirlenen iki firari tespit edildi. Hakk\u0131nda h\u0131rs\u0131zl\u0131k, mala zarar verme ve konut dokunulmazl\u0131\u011f\u0131n\u0131&#8230;<\/p>\n","protected":false},"author":1,"featured_media":67218,"comment_status":"open","ping_status":"open","sticky":false,"template":"","format":"standard","meta":{"_crdt_document":"","footnotes":""},"categories":[5],"tags":[],"class_list":["post-67217","post","type-post","status-publish","format-standard","has-post-thumbnail","hentry","category-asayis"],"_links":{"self":[{"href":"https:\/\/www.egemtv.com\/index.php?rest_route=\/wp\/v2\/posts\/67217","targetHints":{"allow":["GET"]}}],"collection":[{"href":"https:\/\/www.egemtv.com\/index.php?rest_route=\/wp\/v2\/posts"}],"about":[{"href":"https:\/\/www.egemtv.com\/index.php?rest_route=\/wp\/v2\/types\/post"}],"author":[{"embeddable":true,"href":"https:\/\/www.egemtv.com\/index.php?rest_route=\/wp\/v2\/users\/1"}],"replies":[{"embeddable":true,"href":"https:\/\/www.egemtv.com\/index.php?rest_route=%2Fwp%2Fv2%2Fcomments&post=67217"}],"version-history":[{"count":1,"href":"https:\/\/www.egemtv.com\/index.php?rest_route=\/wp\/v2\/posts\/67217\/revisions"}],"predecessor-version":[{"id":67219,"href":"https:\/\/www.egemtv.com\/index.php?rest_route=\/wp\/v2\/posts\/67217\/revisions\/67219"}],"wp:featuredmedia":[{"embeddable":true,"href":"https:\/\/www.egemtv.com\/index.php?rest_route=\/wp\/v2\/media\/67218"}],"wp:attachment":[{"href":"https:\/\/www.egemtv.com\/index.php?rest_route=%2Fwp%2Fv2%2Fmedia&parent=67217"}],"wp:term":[{"taxonomy":"category","embeddable":true,"href":"https:\/\/www.egemtv.com\/index.php?rest_route=%2Fwp%2Fv2%2Fcategories&post=67217"},{"taxonomy":"post_tag","embeddable":true,"href":"https:\/\/www.egemtv.com\/index.php?rest_route=%2Fwp%2Fv2%2Ftags&post=67217"}],"curies":[{"name":"wp","href":"https:\/\/api.w.org\/{rel}","templated":true}]}}