{"id":67211,"date":"2025-11-11T16:35:06","date_gmt":"2025-11-11T13:35:06","guid":{"rendered":"https:\/\/www.egemtv.com\/?p=67211"},"modified":"2025-11-11T16:35:07","modified_gmt":"2025-11-11T13:35:07","slug":"mcbuden-yesil-vatan-seferberligine-destek","status":"publish","type":"post","link":"https:\/\/www.egemtv.com\/?p=67211","title":{"rendered":"MCB\u00dc\u2019den \u2019Ye\u015fil vatan\u2019 seferberli\u011fine destek"},"content":{"rendered":"<p>Manisa Celal Bayar \u00dcniversitesi (MCB\u00dc), 11 Kas\u0131m Milli A\u011fa\u00e7land\u0131rma G\u00fcn\u00fc kapsam\u0131nda bu y\u0131l\u0131n ana temas\u0131 olan &#8220;Ye\u015fil Vatan Seferberli\u011fi&#8221; \u00e7er\u00e7evesinde d\u00fczenlenen etkinlikte mavi servi fidanlar\u0131n\u0131 toprakla bulu\u015fturdu.<br \/>\n<br \/>\u00dcniversitenin \u00e7evre ve s\u00fcrd\u00fcr\u00fclebilirlik vizyonu do\u011frultusunda hayata ge\u00e7irilen &#8220;Manisa\u2019dan Bilimle Ye\u015feren Nefes&#8221; projesi kapsam\u0131nda ger\u00e7ekle\u015ftirilen fidan dikim t\u00f6reni, \u0130nsan ve Toplum Bilimleri Fak\u00fcltesi \u00f6n\u00fcndeki ye\u015fil alanda yap\u0131ld\u0131.<br \/>\n<br \/>T\u00f6rene, MCB\u00dc Rekt\u00f6r Yard\u0131mc\u0131s\u0131 Prof. Dr. Kadir Ay, Genel Sekreter Erhan Do\u011fan, akademik ve idari personel ile \u00f6\u011frenciler kat\u0131ld\u0131. Kat\u0131l\u0131mc\u0131lar, diktikleri fidanlarla \u00fcniversite kamp\u00fcs\u00fcn\u00fcn ye\u015fil alan varl\u0131\u011f\u0131na katk\u0131 sundu.<br \/>\n<br \/>Rekt\u00f6r Yard\u0131mc\u0131s\u0131 Prof. Dr. Kadir Ay, t\u00f6rende yapt\u0131\u011f\u0131 konu\u015fmada, \u00e7evre bilincinin art\u0131r\u0131lmas\u0131nda \u00fcniversitelerin \u00f6nemli sorumluluklar \u00fcstlendi\u011fini vurgulad\u0131. Prof. Dr. Ay, &#8220;Manisa Celal Bayar \u00dcniversitesi olarak, bilimin \u0131\u015f\u0131\u011f\u0131nda \u00e7evreye duyarl\u0131 nesiller yeti\u015ftirmeyi temel hedeflerimizden biri olarak g\u00f6r\u00fcyoruz. Bu anlaml\u0131 g\u00fcnde \u2018Ye\u015fil Vatan Seferberli\u011fi\u2019ne katk\u0131 sunarak dikti\u011fimiz her bir fidan, sadece bir a\u011fa\u00e7 de\u011fil; gelece\u011fe dair nefes ve umudun simgesidir. \u2018Manisa\u2019dan Bilimle Ye\u015feren Nefes\u2019 projemizle de bu bilinci t\u00fcm camiam\u0131za yaymaya kararl\u0131y\u0131z&#8221; dedi.<br \/>\n<br \/>MCB\u00dc\u2019de \u00e7evre ve s\u00fcrd\u00fcr\u00fclebilirlik konular\u0131nda fark\u0131ndal\u0131k \u00e7al\u0131\u015fmalar\u0131n\u0131n devam edece\u011fi bildirildi.<br \/><\/p>\n","protected":false},"excerpt":{"rendered":"<p>Manisa Celal Bayar \u00dcniversitesi (MCB\u00dc), 11 Kas\u0131m Milli A\u011fa\u00e7land\u0131rma G\u00fcn\u00fc kapsam\u0131nda bu y\u0131l\u0131n ana temas\u0131 olan &#8220;Ye\u015fil Vatan Seferberli\u011fi&#8221; \u00e7er\u00e7evesinde d\u00fczenlenen etkinlikte mavi servi fidanlar\u0131n\u0131 toprakla bulu\u015fturdu. \u00dcniversitenin \u00e7evre ve s\u00fcrd\u00fcr\u00fclebilirlik vizyonu do\u011frultusunda hayata ge\u00e7irilen &#8220;Manisa\u2019dan Bilimle Ye\u015feren Nefes&#8221; projesi kapsam\u0131nda ger\u00e7ekle\u015ftirilen fidan dikim t\u00f6reni, \u0130nsan ve Toplum Bilimleri Fak\u00fcltesi \u00f6n\u00fcndeki ye\u015fil alanda yap\u0131ld\u0131. T\u00f6rene,&#8230;<\/p>\n","protected":false},"author":1,"featured_media":67212,"comment_status":"open","ping_status":"open","sticky":false,"template":"","format":"standard","meta":{"_crdt_document":"","footnotes":""},"categories":[1],"tags":[],"class_list":["post-67211","post","type-post","status-publish","format-standard","has-post-thumbnail","hentry","category-guncel"],"_links":{"self":[{"href":"https:\/\/www.egemtv.com\/index.php?rest_route=\/wp\/v2\/posts\/67211","targetHints":{"allow":["GET"]}}],"collection":[{"href":"https:\/\/www.egemtv.com\/index.php?rest_route=\/wp\/v2\/posts"}],"about":[{"href":"https:\/\/www.egemtv.com\/index.php?rest_route=\/wp\/v2\/types\/post"}],"author":[{"embeddable":true,"href":"https:\/\/www.egemtv.com\/index.php?rest_route=\/wp\/v2\/users\/1"}],"replies":[{"embeddable":true,"href":"https:\/\/www.egemtv.com\/index.php?rest_route=%2Fwp%2Fv2%2Fcomments&post=67211"}],"version-history":[{"count":1,"href":"https:\/\/www.egemtv.com\/index.php?rest_route=\/wp\/v2\/posts\/67211\/revisions"}],"predecessor-version":[{"id":67213,"href":"https:\/\/www.egemtv.com\/index.php?rest_route=\/wp\/v2\/posts\/67211\/revisions\/67213"}],"wp:featuredmedia":[{"embeddable":true,"href":"https:\/\/www.egemtv.com\/index.php?rest_route=\/wp\/v2\/media\/67212"}],"wp:attachment":[{"href":"https:\/\/www.egemtv.com\/index.php?rest_route=%2Fwp%2Fv2%2Fmedia&parent=67211"}],"wp:term":[{"taxonomy":"category","embeddable":true,"href":"https:\/\/www.egemtv.com\/index.php?rest_route=%2Fwp%2Fv2%2Fcategories&post=67211"},{"taxonomy":"post_tag","embeddable":true,"href":"https:\/\/www.egemtv.com\/index.php?rest_route=%2Fwp%2Fv2%2Ftags&post=67211"}],"curies":[{"name":"wp","href":"https:\/\/api.w.org\/{rel}","templated":true}]}}