{"id":67208,"date":"2025-11-11T16:35:05","date_gmt":"2025-11-11T13:35:05","guid":{"rendered":"https:\/\/www.egemtv.com\/?p=67208"},"modified":"2025-11-11T16:35:06","modified_gmt":"2025-11-11T13:35:06","slug":"muglada-evlilik-tarihini-ozel-kilmak-isteyen-ciftler-11-11-i-secti","status":"publish","type":"post","link":"https:\/\/www.egemtv.com\/?p=67208","title":{"rendered":"Mu\u011fla\u2019da evlilik tarihini \u00f6zel k\u0131lmak isteyen \u00e7iftler \u201911.11\u2019 i se\u00e7ti"},"content":{"rendered":"<p>T\u00fcrkiye genelinde oldu\u011fu gibi Mu\u011fla\u2019da da evlilik tarihini \u00f6zel k\u0131lmak isteyen \u00e7iftler 11.11\u2019i tercih ederken, Mente\u015fe\u2019de Atiye Erko\u00e7 ve Osman Arslan \u00e7ifti de evlilik tarihi i\u00e7in bu g\u00fcn\u00fc se\u00e7erek d\u00fcnya evine girdi.<br \/>\n<br \/>Konakalt\u0131 \u0130skender Alper K\u00fclt\u00fcr Merkezi Nikah Salonu\u2019nda ger\u00e7ekle\u015fen t\u00f6rende Atiye Erko\u00e7 ve Osman Arslan \u00e7ifti, \u2019evet\u2019 diyerek d\u00fcnya evine girdi. \u00c7ift, tarih se\u00e7iminin \u00f6zel oldu\u011funu belirterek, anlaml\u0131 g\u00fcn\u00fcn \u00f6m\u00fcr boyu hat\u0131rlanmas\u0131n\u0131 istediklerini ifade etti. Atiye Erko\u00e7, &#8220;Ni\u015fan\u0131m\u0131z 1.11.2025 tarihinde oldu. Nikah\u0131 da bu y\u00fczden 11.11.2025 tarihi olarak tercih etmek istedim. Ak\u0131lda kals\u0131n diye evrene mesaj g\u00f6ndermek istedim&#8221; ifadelerini kulland\u0131. T\u00f6rene kat\u0131lan aileler ve yak\u0131nlar\u0131, \u00e7ifti \u00f6zel g\u00fcnlerinde yaln\u0131z b\u0131rakmad\u0131.<br \/><\/p>\n","protected":false},"excerpt":{"rendered":"<p>T\u00fcrkiye genelinde oldu\u011fu gibi Mu\u011fla\u2019da da evlilik tarihini \u00f6zel k\u0131lmak isteyen \u00e7iftler 11.11\u2019i tercih ederken, Mente\u015fe\u2019de Atiye Erko\u00e7 ve Osman Arslan \u00e7ifti de evlilik tarihi i\u00e7in bu g\u00fcn\u00fc se\u00e7erek d\u00fcnya evine girdi. Konakalt\u0131 \u0130skender Alper K\u00fclt\u00fcr Merkezi Nikah Salonu\u2019nda ger\u00e7ekle\u015fen t\u00f6rende Atiye Erko\u00e7 ve Osman Arslan \u00e7ifti, \u2019evet\u2019 diyerek d\u00fcnya evine girdi. \u00c7ift, tarih se\u00e7iminin&#8230;<\/p>\n","protected":false},"author":1,"featured_media":67209,"comment_status":"open","ping_status":"open","sticky":false,"template":"","format":"standard","meta":{"_crdt_document":"","footnotes":""},"categories":[123],"tags":[],"class_list":["post-67208","post","type-post","status-publish","format-standard","has-post-thumbnail","hentry","category-gundem"],"_links":{"self":[{"href":"https:\/\/www.egemtv.com\/index.php?rest_route=\/wp\/v2\/posts\/67208","targetHints":{"allow":["GET"]}}],"collection":[{"href":"https:\/\/www.egemtv.com\/index.php?rest_route=\/wp\/v2\/posts"}],"about":[{"href":"https:\/\/www.egemtv.com\/index.php?rest_route=\/wp\/v2\/types\/post"}],"author":[{"embeddable":true,"href":"https:\/\/www.egemtv.com\/index.php?rest_route=\/wp\/v2\/users\/1"}],"replies":[{"embeddable":true,"href":"https:\/\/www.egemtv.com\/index.php?rest_route=%2Fwp%2Fv2%2Fcomments&post=67208"}],"version-history":[{"count":1,"href":"https:\/\/www.egemtv.com\/index.php?rest_route=\/wp\/v2\/posts\/67208\/revisions"}],"predecessor-version":[{"id":67210,"href":"https:\/\/www.egemtv.com\/index.php?rest_route=\/wp\/v2\/posts\/67208\/revisions\/67210"}],"wp:featuredmedia":[{"embeddable":true,"href":"https:\/\/www.egemtv.com\/index.php?rest_route=\/wp\/v2\/media\/67209"}],"wp:attachment":[{"href":"https:\/\/www.egemtv.com\/index.php?rest_route=%2Fwp%2Fv2%2Fmedia&parent=67208"}],"wp:term":[{"taxonomy":"category","embeddable":true,"href":"https:\/\/www.egemtv.com\/index.php?rest_route=%2Fwp%2Fv2%2Fcategories&post=67208"},{"taxonomy":"post_tag","embeddable":true,"href":"https:\/\/www.egemtv.com\/index.php?rest_route=%2Fwp%2Fv2%2Ftags&post=67208"}],"curies":[{"name":"wp","href":"https:\/\/api.w.org\/{rel}","templated":true}]}}