{"id":67205,"date":"2025-11-11T16:35:04","date_gmt":"2025-11-11T13:35:04","guid":{"rendered":"https:\/\/www.egemtv.com\/?p=67205"},"modified":"2025-11-11T16:35:05","modified_gmt":"2025-11-11T13:35:05","slug":"selendide-800-fidan-toprakla-bulusturuldu","status":"publish","type":"post","link":"https:\/\/www.egemtv.com\/?p=67205","title":{"rendered":"Selendi\u2019de 800 fidan toprakla bulu\u015fturuldu"},"content":{"rendered":"<p>Manisa\u2019n\u0131n Selendi il\u00e7esinde 11 Kas\u0131m Milli A\u011fa\u00e7land\u0131rma G\u00fcn\u00fc, &#8220;Gelece\u011fe Nefes, Cumhuriyete Nefes&#8221; slogan\u0131yla kutland\u0131. Etkinlik kapsam\u0131nda 800 fidan toprakla bulu\u015fturuldu.<br \/>\n<br \/>Tar\u0131m ve Orman Bakanl\u0131\u011f\u0131 taraf\u0131ndan ba\u015flat\u0131lan ve bu y\u0131l &#8220;T\u00fcrkiye Y\u00fczy\u0131l\u0131na Nefes&#8221; temas\u0131yla ger\u00e7ekle\u015ftirilen Milli A\u011fa\u00e7land\u0131rma G\u00fcn\u00fc etkinlikleri \u00e7er\u00e7evesinde, Selendi Orman \u0130\u015fletme \u015eefli\u011fi koordinesinde d\u00fczenlenen fidan dikim program\u0131nda cam f\u0131st\u0131\u011f\u0131 ve sedir ba\u015fta olmak \u00fczere \u00e7e\u015fitli t\u00fcrlerde fidanlar, Kaz\u0131kl\u0131 Mahallesi Pe\u00e7et mevkiinde toprakla bulu\u015ftu. Etkinlikte konu\u015fan Selendi Kaymakam\u0131 M\u00fccahit Enes Y\u0131ld\u0131z, &#8220;Bu y\u0131lki Milli A\u011fa\u00e7land\u0131rma G\u00fcn\u00fc\u2019nde 800 fidan\u0131 toprakla bulu\u015fturduk. Bug\u00fcn dikti\u011fimiz her fidan, gelece\u011fimizin ve gelecek nesillerimizin nefesi olacak. Kat\u0131l\u0131m sa\u011flayan herkese te\u015fekk\u00fcr ediyorum&#8221; dedi.<br \/>\n<br \/>Fidan dikim etkinli\u011fine Selendi Kaymakam\u0131 M\u00fccahit Enes Y\u0131ld\u0131z, Belediye Ba\u015fkan\u0131 Murat Daban, Selendi Orman \u0130\u015fletme \u015eefi G\u00f6khan Buran, Durhasan Orman \u0130\u015fletme \u015eefi Sait Akg\u00fcn, daire amirleri, siyasi parti temsilcileri, \u00f6\u011fretmenler, \u00f6\u011frenciler ve vatanda\u015flar kat\u0131ld\u0131.<br \/><\/p>\n","protected":false},"excerpt":{"rendered":"<p>Manisa\u2019n\u0131n Selendi il\u00e7esinde 11 Kas\u0131m Milli A\u011fa\u00e7land\u0131rma G\u00fcn\u00fc, &#8220;Gelece\u011fe Nefes, Cumhuriyete Nefes&#8221; slogan\u0131yla kutland\u0131. Etkinlik kapsam\u0131nda 800 fidan toprakla bulu\u015fturuldu. Tar\u0131m ve Orman Bakanl\u0131\u011f\u0131 taraf\u0131ndan ba\u015flat\u0131lan ve bu y\u0131l &#8220;T\u00fcrkiye Y\u00fczy\u0131l\u0131na Nefes&#8221; temas\u0131yla ger\u00e7ekle\u015ftirilen Milli A\u011fa\u00e7land\u0131rma G\u00fcn\u00fc etkinlikleri \u00e7er\u00e7evesinde, Selendi Orman \u0130\u015fletme \u015eefli\u011fi koordinesinde d\u00fczenlenen fidan dikim program\u0131nda cam f\u0131st\u0131\u011f\u0131 ve sedir ba\u015fta olmak \u00fczere&#8230;<\/p>\n","protected":false},"author":1,"featured_media":67206,"comment_status":"open","ping_status":"open","sticky":false,"template":"","format":"standard","meta":{"_crdt_document":"","footnotes":""},"categories":[1],"tags":[],"class_list":["post-67205","post","type-post","status-publish","format-standard","has-post-thumbnail","hentry","category-guncel"],"_links":{"self":[{"href":"https:\/\/www.egemtv.com\/index.php?rest_route=\/wp\/v2\/posts\/67205","targetHints":{"allow":["GET"]}}],"collection":[{"href":"https:\/\/www.egemtv.com\/index.php?rest_route=\/wp\/v2\/posts"}],"about":[{"href":"https:\/\/www.egemtv.com\/index.php?rest_route=\/wp\/v2\/types\/post"}],"author":[{"embeddable":true,"href":"https:\/\/www.egemtv.com\/index.php?rest_route=\/wp\/v2\/users\/1"}],"replies":[{"embeddable":true,"href":"https:\/\/www.egemtv.com\/index.php?rest_route=%2Fwp%2Fv2%2Fcomments&post=67205"}],"version-history":[{"count":1,"href":"https:\/\/www.egemtv.com\/index.php?rest_route=\/wp\/v2\/posts\/67205\/revisions"}],"predecessor-version":[{"id":67207,"href":"https:\/\/www.egemtv.com\/index.php?rest_route=\/wp\/v2\/posts\/67205\/revisions\/67207"}],"wp:featuredmedia":[{"embeddable":true,"href":"https:\/\/www.egemtv.com\/index.php?rest_route=\/wp\/v2\/media\/67206"}],"wp:attachment":[{"href":"https:\/\/www.egemtv.com\/index.php?rest_route=%2Fwp%2Fv2%2Fmedia&parent=67205"}],"wp:term":[{"taxonomy":"category","embeddable":true,"href":"https:\/\/www.egemtv.com\/index.php?rest_route=%2Fwp%2Fv2%2Fcategories&post=67205"},{"taxonomy":"post_tag","embeddable":true,"href":"https:\/\/www.egemtv.com\/index.php?rest_route=%2Fwp%2Fv2%2Ftags&post=67205"}],"curies":[{"name":"wp","href":"https:\/\/api.w.org\/{rel}","templated":true}]}}