{"id":67202,"date":"2025-11-11T16:35:03","date_gmt":"2025-11-11T13:35:03","guid":{"rendered":"https:\/\/www.egemtv.com\/?p=67202"},"modified":"2025-11-11T16:35:04","modified_gmt":"2025-11-11T13:35:04","slug":"camelide-11-kasim-milli-agaclandirma-gunu-kapsaminda-fidanlar-toprakla-bulustu","status":"publish","type":"post","link":"https:\/\/www.egemtv.com\/?p=67202","title":{"rendered":"\u00c7ameli\u2019de 11 Kas\u0131m Milli A\u011fa\u00e7land\u0131rma G\u00fcn\u00fc kapsam\u0131nda fidanlar toprakla bulu\u015ftu"},"content":{"rendered":"<p>Denizli\u2019nin \u00c7ameli il\u00e7esinde 11 Kas\u0131m Milli A\u011fa\u00e7land\u0131rma G\u00fcn\u00fc kapsam\u0131nda Yumruta\u015f Mahallesi\u2019nde fidan dikimi etkinli\u011fi ger\u00e7ekle\u015ftirildi.<\/p>\n<p>Cumhurba\u015fkanl\u0131\u011f\u0131 himayesinde 81 ilde kutlanan 11 Kas\u0131m Milli A\u011fa\u00e7land\u0131rma G\u00fcn\u00fc Denizli\u2019nin \u00c7ameli il\u00e7esinde de kutland\u0131. Milli A\u011fa\u00e7land\u0131rma G\u00fcn\u00fc kapsam\u0131nda \u00c7ameli\u2019nin Yumruta\u015f Mahallesi\u2019nde fidan dikimi ger\u00e7ekle\u015ftirildi. Fidan dikimi i\u00e7in \u00c7ameli Kaymakam\u0131 Mustafa \u00c7elik, \u00c7ameli Belediye Ba\u015fkan\u0131 Cengiz Arslan, \u00c7ameli Orman \u0130\u015fletme M\u00fcd\u00fcr\u00fc Erol G\u00fcner, il\u00e7e protokol\u00fc ve \u00f6\u011frencilerin kat\u0131l\u0131m\u0131yla fidanlar toprakla bulu\u015fturuldu.<\/p>\n<p>Fidanlar\u0131 \u00c7ameli halk\u0131 olarak toprakla bulu\u015fturduklar\u0131n\u0131 belirten \u00c7ameli Belediye Ba\u015fkan\u0131 Cengiz Arslan, &#8220;81 ilde e\u015f zamanl\u0131 olarak d\u00fczenlenen etkinlikte, &#8220;\u0130mzam\u0131z Fidan, Sevdam\u0131z Ye\u015fil Vatan&#8221; slogan\u0131yla \u00c7ameli\u2019nin bereketli topraklar\u0131na umut fidanlar\u0131 dikildi&#8221; dedi.<br \/><\/p>\n","protected":false},"excerpt":{"rendered":"<p>Denizli\u2019nin \u00c7ameli il\u00e7esinde 11 Kas\u0131m Milli A\u011fa\u00e7land\u0131rma G\u00fcn\u00fc kapsam\u0131nda Yumruta\u015f Mahallesi\u2019nde fidan dikimi etkinli\u011fi ger\u00e7ekle\u015ftirildi. Cumhurba\u015fkanl\u0131\u011f\u0131 himayesinde 81 ilde kutlanan 11 Kas\u0131m Milli A\u011fa\u00e7land\u0131rma G\u00fcn\u00fc Denizli\u2019nin \u00c7ameli il\u00e7esinde de kutland\u0131. Milli A\u011fa\u00e7land\u0131rma G\u00fcn\u00fc kapsam\u0131nda \u00c7ameli\u2019nin Yumruta\u015f Mahallesi\u2019nde fidan dikimi ger\u00e7ekle\u015ftirildi. Fidan dikimi i\u00e7in \u00c7ameli Kaymakam\u0131 Mustafa \u00c7elik, \u00c7ameli Belediye Ba\u015fkan\u0131 Cengiz Arslan, \u00c7ameli Orman \u0130\u015fletme&#8230;<\/p>\n","protected":false},"author":1,"featured_media":67203,"comment_status":"open","ping_status":"open","sticky":false,"template":"","format":"standard","meta":{"_crdt_document":"","footnotes":""},"categories":[1],"tags":[],"class_list":["post-67202","post","type-post","status-publish","format-standard","has-post-thumbnail","hentry","category-guncel"],"_links":{"self":[{"href":"https:\/\/www.egemtv.com\/index.php?rest_route=\/wp\/v2\/posts\/67202","targetHints":{"allow":["GET"]}}],"collection":[{"href":"https:\/\/www.egemtv.com\/index.php?rest_route=\/wp\/v2\/posts"}],"about":[{"href":"https:\/\/www.egemtv.com\/index.php?rest_route=\/wp\/v2\/types\/post"}],"author":[{"embeddable":true,"href":"https:\/\/www.egemtv.com\/index.php?rest_route=\/wp\/v2\/users\/1"}],"replies":[{"embeddable":true,"href":"https:\/\/www.egemtv.com\/index.php?rest_route=%2Fwp%2Fv2%2Fcomments&post=67202"}],"version-history":[{"count":1,"href":"https:\/\/www.egemtv.com\/index.php?rest_route=\/wp\/v2\/posts\/67202\/revisions"}],"predecessor-version":[{"id":67204,"href":"https:\/\/www.egemtv.com\/index.php?rest_route=\/wp\/v2\/posts\/67202\/revisions\/67204"}],"wp:featuredmedia":[{"embeddable":true,"href":"https:\/\/www.egemtv.com\/index.php?rest_route=\/wp\/v2\/media\/67203"}],"wp:attachment":[{"href":"https:\/\/www.egemtv.com\/index.php?rest_route=%2Fwp%2Fv2%2Fmedia&parent=67202"}],"wp:term":[{"taxonomy":"category","embeddable":true,"href":"https:\/\/www.egemtv.com\/index.php?rest_route=%2Fwp%2Fv2%2Fcategories&post=67202"},{"taxonomy":"post_tag","embeddable":true,"href":"https:\/\/www.egemtv.com\/index.php?rest_route=%2Fwp%2Fv2%2Ftags&post=67202"}],"curies":[{"name":"wp","href":"https:\/\/api.w.org\/{rel}","templated":true}]}}