{"id":67199,"date":"2025-11-11T16:16:19","date_gmt":"2025-11-11T13:16:19","guid":{"rendered":"https:\/\/www.egemtv.com\/?p=67199"},"modified":"2025-11-11T16:16:20","modified_gmt":"2025-11-11T13:16:20","slug":"baskan-balaban-yenimahallede-esnafi-dinledi","status":"publish","type":"post","link":"https:\/\/www.egemtv.com\/?p=67199","title":{"rendered":"Ba\u015fkan Balaban Yenimahalle\u2019de esnaf\u0131 dinledi"},"content":{"rendered":"<p>Mahalle ve esnaf ziyaretlerine h\u0131z kesmeden devam eden Yunusemre Belediye Ba\u015fkan\u0131 Semih Balaban, son olarak Yenimahalle esnaf\u0131n\u0131 ziyaret ederek vatanda\u015flarla bir araya geldi.<br \/>\n<br \/>G\u00f6reve geldi\u011fi g\u00fcnden bu yana halkla i\u00e7 i\u00e7e bir belediyecilik anlay\u0131\u015f\u0131yla hareket eden Ba\u015fkan Balaban, mahalle mahalle gezerek esnaf\u0131n ve vatanda\u015flar\u0131n sorunlar\u0131n\u0131 yerinde dinlemeye devam ediyor. Yenimahalle\u2019deki ziyaretinde i\u015fyerlerini tek tek gezen Balaban, esnafa &#8220;hay\u0131rl\u0131 i\u015fler&#8221; dileklerini iletirken, vatanda\u015flarla da samimi sohbetler ger\u00e7ekle\u015ftirdi. Ba\u015fkan Balaban\u2019a ziyaretlerinde Belediye Ba\u015fkan Yard\u0131mc\u0131s\u0131 Haydar \u0130zci ve Cumhuriyet Halk Partisi (CHP) Yunusemre \u0130l\u00e7e Ba\u015fkan\u0131 Yal\u00e7\u0131n Arcak da e\u015flik etti.<br \/>\n<br \/>Ziyaret s\u0131ras\u0131nda hem esnaf\u0131n hem de mahalle sakinlerinin talep ve \u00f6nerilerini dinleyen Ba\u015fkan Balaban, belediye olarak her zaman esnaf\u0131n ve vatanda\u015f\u0131n yan\u0131nda olduklar\u0131n\u0131 vurgulad\u0131. Ba\u015fkan Balaban konu\u015fmas\u0131nda \u015fu ifadelere yer verdi: &#8220;Her mahallemizde oldu\u011fu gibi Yenimahalle\u2019de de vatanda\u015flar\u0131m\u0131z\u0131n ve esnaflar\u0131m\u0131z\u0131n yan\u0131nday\u0131z. Onlar\u0131n g\u00f6r\u00fc\u015f ve \u00f6nerileri bizim i\u00e7in \u00e7ok de\u011ferli. Belediyecilik anlay\u0131\u015f\u0131m\u0131z\u0131n merkezinde halk var. Birlikte hareket ederek daha ya\u015fanabilir, daha g\u00fczel bir Yunusemre\u2019yi hep birlikte in\u015fa edece\u011fiz.&#8221;<br \/>\n<br \/>Yenimahalle esnaf\u0131 ve vatanda\u015flar da ziyaretlerinden dolay\u0131 Ba\u015fkan Balaban\u2019a te\u015fekk\u00fcr ederek, taleplerini do\u011frudan iletme f\u0131rsat\u0131 bulduklar\u0131n\u0131 ifade etti.<br \/><\/p>\n","protected":false},"excerpt":{"rendered":"<p>Mahalle ve esnaf ziyaretlerine h\u0131z kesmeden devam eden Yunusemre Belediye Ba\u015fkan\u0131 Semih Balaban, son olarak Yenimahalle esnaf\u0131n\u0131 ziyaret ederek vatanda\u015flarla bir araya geldi. G\u00f6reve geldi\u011fi g\u00fcnden bu yana halkla i\u00e7 i\u00e7e bir belediyecilik anlay\u0131\u015f\u0131yla hareket eden Ba\u015fkan Balaban, mahalle mahalle gezerek esnaf\u0131n ve vatanda\u015flar\u0131n sorunlar\u0131n\u0131 yerinde dinlemeye devam ediyor. Yenimahalle\u2019deki ziyaretinde i\u015fyerlerini tek tek gezen&#8230;<\/p>\n","protected":false},"author":1,"featured_media":67200,"comment_status":"open","ping_status":"open","sticky":false,"template":"","format":"standard","meta":{"_crdt_document":"","footnotes":""},"categories":[127],"tags":[],"class_list":["post-67199","post","type-post","status-publish","format-standard","has-post-thumbnail","hentry","category-siyaset"],"_links":{"self":[{"href":"https:\/\/www.egemtv.com\/index.php?rest_route=\/wp\/v2\/posts\/67199","targetHints":{"allow":["GET"]}}],"collection":[{"href":"https:\/\/www.egemtv.com\/index.php?rest_route=\/wp\/v2\/posts"}],"about":[{"href":"https:\/\/www.egemtv.com\/index.php?rest_route=\/wp\/v2\/types\/post"}],"author":[{"embeddable":true,"href":"https:\/\/www.egemtv.com\/index.php?rest_route=\/wp\/v2\/users\/1"}],"replies":[{"embeddable":true,"href":"https:\/\/www.egemtv.com\/index.php?rest_route=%2Fwp%2Fv2%2Fcomments&post=67199"}],"version-history":[{"count":1,"href":"https:\/\/www.egemtv.com\/index.php?rest_route=\/wp\/v2\/posts\/67199\/revisions"}],"predecessor-version":[{"id":67201,"href":"https:\/\/www.egemtv.com\/index.php?rest_route=\/wp\/v2\/posts\/67199\/revisions\/67201"}],"wp:featuredmedia":[{"embeddable":true,"href":"https:\/\/www.egemtv.com\/index.php?rest_route=\/wp\/v2\/media\/67200"}],"wp:attachment":[{"href":"https:\/\/www.egemtv.com\/index.php?rest_route=%2Fwp%2Fv2%2Fmedia&parent=67199"}],"wp:term":[{"taxonomy":"category","embeddable":true,"href":"https:\/\/www.egemtv.com\/index.php?rest_route=%2Fwp%2Fv2%2Fcategories&post=67199"},{"taxonomy":"post_tag","embeddable":true,"href":"https:\/\/www.egemtv.com\/index.php?rest_route=%2Fwp%2Fv2%2Ftags&post=67199"}],"curies":[{"name":"wp","href":"https:\/\/api.w.org\/{rel}","templated":true}]}}