{"id":67196,"date":"2025-11-11T16:16:18","date_gmt":"2025-11-11T13:16:18","guid":{"rendered":"https:\/\/www.egemtv.com\/?p=67196"},"modified":"2025-11-11T16:16:19","modified_gmt":"2025-11-11T13:16:19","slug":"yagisli-hava-kazayi-beraberinde-getirdi","status":"publish","type":"post","link":"https:\/\/www.egemtv.com\/?p=67196","title":{"rendered":"Ya\u011f\u0131\u015fl\u0131 hava kazay\u0131 beraberinde getirdi"},"content":{"rendered":"<p>Manisa\u2019n\u0131n Kula il\u00e7esinde etkili olan ya\u011f\u0131\u015fl\u0131 hava, trafik kazas\u0131n\u0131 da beraberinde getirdi. S\u00fcr\u00fcc\u00fcs\u00fcn\u00fcn kontrol\u00fcnden \u00e7\u0131kan t\u0131r makaslayarak yolu kapatt\u0131. Kaza nedeniyle \u0130zmir-Ankara D300 karayolunun U\u015fak istikametine trafik bir s\u00fcre sa\u011flanamad\u0131.<br \/>\n<br \/>Kaza, saat 13.30 s\u0131ralar\u0131nda D300 karayolu Kavac\u0131k Rampalar\u0131 mevkiinde meydana geldi. Edinilen bilgiye g\u00f6re, Engin \u015eens\u00f6zl\u00fc y\u00f6netimindeki 06 AU 5893 plakal\u0131 t\u0131r, ya\u011f\u0131\u015f nedeniyle kayganla\u015fan yolda s\u00fcr\u00fcc\u00fcs\u00fcn\u00fcn direksiyon hakimiyetini kaybetmesi sonucu makaslad\u0131. T\u0131r s\u00fcr\u00fcc\u00fcs\u00fc \u015fans eseri kazay\u0131 hafif yaral\u0131 olarak atlatt\u0131. Kazay\u0131 g\u00f6ren vatanda\u015flar\u0131n 112 Acil \u00c7a\u011fr\u0131 Merkezi\u2019ne bildirmeleri \u00fczerine olay yerine itfaiye, ambulans, jandarma ve polis ekipleri sevk edildi. Yaral\u0131 t\u0131r s\u00fcr\u00fcc\u00fcs\u00fc olay yerinde yap\u0131lan ilk m\u00fcdahalesinin ard\u0131ndan Kula Devlet Hastanesi\u2019ne kald\u0131r\u0131l\u0131rken hayati tehlikesinin bulunmad\u0131\u011f\u0131 \u00f6\u011frenildi.<br \/>\n<br \/>\u00d6te yandan kaza sonucu \u0130zmir &#8211; Ankara D300 karayolunun U\u015fak istikametine trafik ak\u0131\u015f\u0131 bir s\u00fcre kapand\u0131. Kazaya kar\u0131\u015fan t\u0131r\u0131n yoldan kald\u0131r\u0131lmas\u0131 ile trafik ak\u0131\u015f\u0131 normale d\u00f6nd\u00fc.<br \/><\/p>\n","protected":false},"excerpt":{"rendered":"<p>Manisa\u2019n\u0131n Kula il\u00e7esinde etkili olan ya\u011f\u0131\u015fl\u0131 hava, trafik kazas\u0131n\u0131 da beraberinde getirdi. S\u00fcr\u00fcc\u00fcs\u00fcn\u00fcn kontrol\u00fcnden \u00e7\u0131kan t\u0131r makaslayarak yolu kapatt\u0131. Kaza nedeniyle \u0130zmir-Ankara D300 karayolunun U\u015fak istikametine trafik bir s\u00fcre sa\u011flanamad\u0131. Kaza, saat 13.30 s\u0131ralar\u0131nda D300 karayolu Kavac\u0131k Rampalar\u0131 mevkiinde meydana geldi. Edinilen bilgiye g\u00f6re, Engin \u015eens\u00f6zl\u00fc y\u00f6netimindeki 06 AU 5893 plakal\u0131 t\u0131r, ya\u011f\u0131\u015f nedeniyle kayganla\u015fan&#8230;<\/p>\n","protected":false},"author":1,"featured_media":67197,"comment_status":"open","ping_status":"open","sticky":false,"template":"","format":"standard","meta":{"_crdt_document":"","footnotes":""},"categories":[5],"tags":[],"class_list":["post-67196","post","type-post","status-publish","format-standard","has-post-thumbnail","hentry","category-asayis"],"_links":{"self":[{"href":"https:\/\/www.egemtv.com\/index.php?rest_route=\/wp\/v2\/posts\/67196","targetHints":{"allow":["GET"]}}],"collection":[{"href":"https:\/\/www.egemtv.com\/index.php?rest_route=\/wp\/v2\/posts"}],"about":[{"href":"https:\/\/www.egemtv.com\/index.php?rest_route=\/wp\/v2\/types\/post"}],"author":[{"embeddable":true,"href":"https:\/\/www.egemtv.com\/index.php?rest_route=\/wp\/v2\/users\/1"}],"replies":[{"embeddable":true,"href":"https:\/\/www.egemtv.com\/index.php?rest_route=%2Fwp%2Fv2%2Fcomments&post=67196"}],"version-history":[{"count":1,"href":"https:\/\/www.egemtv.com\/index.php?rest_route=\/wp\/v2\/posts\/67196\/revisions"}],"predecessor-version":[{"id":67198,"href":"https:\/\/www.egemtv.com\/index.php?rest_route=\/wp\/v2\/posts\/67196\/revisions\/67198"}],"wp:featuredmedia":[{"embeddable":true,"href":"https:\/\/www.egemtv.com\/index.php?rest_route=\/wp\/v2\/media\/67197"}],"wp:attachment":[{"href":"https:\/\/www.egemtv.com\/index.php?rest_route=%2Fwp%2Fv2%2Fmedia&parent=67196"}],"wp:term":[{"taxonomy":"category","embeddable":true,"href":"https:\/\/www.egemtv.com\/index.php?rest_route=%2Fwp%2Fv2%2Fcategories&post=67196"},{"taxonomy":"post_tag","embeddable":true,"href":"https:\/\/www.egemtv.com\/index.php?rest_route=%2Fwp%2Fv2%2Ftags&post=67196"}],"curies":[{"name":"wp","href":"https:\/\/api.w.org\/{rel}","templated":true}]}}