{"id":67193,"date":"2025-11-11T16:16:17","date_gmt":"2025-11-11T13:16:17","guid":{"rendered":"https:\/\/www.egemtv.com\/?p=67193"},"modified":"2025-11-11T16:16:18","modified_gmt":"2025-11-11T13:16:18","slug":"mentese-akcaova-toki-site-yonetiminden-yesil-vatana-fidanli-destek","status":"publish","type":"post","link":"https:\/\/www.egemtv.com\/?p=67193","title":{"rendered":"Mente\u015fe Ak\u00e7aova TOK\u0130 Site y\u00f6netiminden \u2018Ye\u015fil Vatan\u2019a fidanl\u0131 destek"},"content":{"rendered":"<p>11 Kas\u0131m Milli A\u011fa\u00e7land\u0131rma G\u00fcn\u00fc kapsam\u0131nda, Toplu Konut \u0130daresi (TOK\u0130) Mente\u015fe Ak\u00e7aova Sitesi Y\u00f6netimi taraf\u0131ndan \u2018Ye\u015fil vatana katk\u0131\u2019 amac\u0131yla site i\u00e7inde fidan dikimi etkinli\u011fi d\u00fczenlendi.<br \/>\n<br \/>2025 y\u0131l\u0131 itibar\u0131yla tamamlanan ve hak sahiplerinin y\u00fczde 50\u2019sinin ta\u015f\u0131nd\u0131\u011f\u0131 sitede, ye\u015fil alanlara G\u00f6kova Orman Fidanl\u0131k M\u00fcd\u00fcrl\u00fc\u011f\u00fc\u2019nden temin edilen kara servi ve me\u015fe gibi \u00e7e\u015fitli fidanlar\u0131n dikimi yap\u0131ld\u0131.<br \/>\n<br \/>Site y\u00f6netimi, bu t\u00fcr \u00e7evre dostu etkinliklerin \u00f6n\u00fcm\u00fczdeki y\u0131llarda da artarak devam edece\u011fini belirterek, &#8220;Gelecek nesillere daha ye\u015fil bir ya\u015fam alan\u0131 b\u0131rakmak istiyoruz&#8221; dedi.<br \/><\/p>\n","protected":false},"excerpt":{"rendered":"<p>11 Kas\u0131m Milli A\u011fa\u00e7land\u0131rma G\u00fcn\u00fc kapsam\u0131nda, Toplu Konut \u0130daresi (TOK\u0130) Mente\u015fe Ak\u00e7aova Sitesi Y\u00f6netimi taraf\u0131ndan \u2018Ye\u015fil vatana katk\u0131\u2019 amac\u0131yla site i\u00e7inde fidan dikimi etkinli\u011fi d\u00fczenlendi. 2025 y\u0131l\u0131 itibar\u0131yla tamamlanan ve hak sahiplerinin y\u00fczde 50\u2019sinin ta\u015f\u0131nd\u0131\u011f\u0131 sitede, ye\u015fil alanlara G\u00f6kova Orman Fidanl\u0131k M\u00fcd\u00fcrl\u00fc\u011f\u00fc\u2019nden temin edilen kara servi ve me\u015fe gibi \u00e7e\u015fitli fidanlar\u0131n dikimi yap\u0131ld\u0131. Site y\u00f6netimi,&#8230;<\/p>\n","protected":false},"author":1,"featured_media":67194,"comment_status":"open","ping_status":"open","sticky":false,"template":"","format":"standard","meta":{"_crdt_document":"","footnotes":""},"categories":[1],"tags":[],"class_list":["post-67193","post","type-post","status-publish","format-standard","has-post-thumbnail","hentry","category-guncel"],"_links":{"self":[{"href":"https:\/\/www.egemtv.com\/index.php?rest_route=\/wp\/v2\/posts\/67193","targetHints":{"allow":["GET"]}}],"collection":[{"href":"https:\/\/www.egemtv.com\/index.php?rest_route=\/wp\/v2\/posts"}],"about":[{"href":"https:\/\/www.egemtv.com\/index.php?rest_route=\/wp\/v2\/types\/post"}],"author":[{"embeddable":true,"href":"https:\/\/www.egemtv.com\/index.php?rest_route=\/wp\/v2\/users\/1"}],"replies":[{"embeddable":true,"href":"https:\/\/www.egemtv.com\/index.php?rest_route=%2Fwp%2Fv2%2Fcomments&post=67193"}],"version-history":[{"count":1,"href":"https:\/\/www.egemtv.com\/index.php?rest_route=\/wp\/v2\/posts\/67193\/revisions"}],"predecessor-version":[{"id":67195,"href":"https:\/\/www.egemtv.com\/index.php?rest_route=\/wp\/v2\/posts\/67193\/revisions\/67195"}],"wp:featuredmedia":[{"embeddable":true,"href":"https:\/\/www.egemtv.com\/index.php?rest_route=\/wp\/v2\/media\/67194"}],"wp:attachment":[{"href":"https:\/\/www.egemtv.com\/index.php?rest_route=%2Fwp%2Fv2%2Fmedia&parent=67193"}],"wp:term":[{"taxonomy":"category","embeddable":true,"href":"https:\/\/www.egemtv.com\/index.php?rest_route=%2Fwp%2Fv2%2Fcategories&post=67193"},{"taxonomy":"post_tag","embeddable":true,"href":"https:\/\/www.egemtv.com\/index.php?rest_route=%2Fwp%2Fv2%2Ftags&post=67193"}],"curies":[{"name":"wp","href":"https:\/\/api.w.org\/{rel}","templated":true}]}}