{"id":67190,"date":"2025-11-11T15:34:54","date_gmt":"2025-11-11T12:34:54","guid":{"rendered":"https:\/\/www.egemtv.com\/?p=67190"},"modified":"2025-11-11T15:34:55","modified_gmt":"2025-11-11T12:34:55","slug":"once-ogrendiler-sonra-fidanlari-diktiler","status":"publish","type":"post","link":"https:\/\/www.egemtv.com\/?p=67190","title":{"rendered":"\u00d6nce \u00f6\u011frendiler sonra fidanlar\u0131 diktiler"},"content":{"rendered":"<p>Ayd\u0131n\u2019\u0131n Nazilli il\u00e7esinde 11 Kas\u0131m Milli A\u011fa\u00e7land\u0131rma G\u00fcn\u00fc etkinlikleri kapsam\u0131nda 7 noktada 3 bin adet fidan toprakla bulu\u015ftu.<\/p>\n<p>\u0130l\u00e7eye ba\u011fl\u0131 k\u0131rsal Yaz\u0131rl\u0131 Mahallesi da\u011fl\u0131k kesimde ger\u00e7ekle\u015ftirilen fidan dikim etkinli\u011fi b\u00fcy\u00fck ilgi g\u00f6rd\u00fc. Cumhurba\u015fkan\u0131 Recep Tayyip Erdo\u011fan\u2019\u0131n himayelerinde d\u00fczenlenen 11 Kas\u0131m milli a\u011fa\u00e7land\u0131rma g\u00fcn\u00fc etkinli\u011finde 3 bin adet fidan toprakla bulu\u015ftu. Nazilli Orman \u0130\u015fletme M\u00fcd\u00fcrl\u00fc\u011f\u00fcne ba\u011fl\u0131 ekipler taraf\u0131ndan haz\u0131rlanan alana F\u0131st\u0131k \u00c7am\u0131 dikildi. Protokol \u00fcyeleri ile birlikte \u00e7ocuklar\u0131n fidan dikmeleri renkli g\u00f6r\u00fcnt\u00fclere neden oldu. Nazilli Orman \u0130\u015fletme M\u00fcd\u00fcrl\u00fc\u011f\u00fc ve Yaz\u0131rl\u0131 Mahalle Muhtarl\u0131\u011f\u0131n\u0131n ev sahipli\u011finde d\u00fczenlenen etkinli\u011fe kat\u0131lanlar toprakla bulu\u015fturduklar\u0131 fidanlar\u0131n can sular\u0131n\u0131 vererek gelece\u011fe nefes etkinli\u011fini tamamlad\u0131.<\/p>\n<p>Kaymakam Kan\u2019dan \u00e7a\u011fr\u0131 &#8220;Daha bilin\u00e7li olmam\u0131z gerekiyor&#8221;<br \/>\n<br \/>Kaymakam Huriye K\u00fcpeli Kan ve Nazilli Orman \u0130\u015fletme M\u00fcd\u00fcr\u00fc H\u00fcseyin Devrim Dikili yapt\u0131klar\u0131 konu\u015fmalarda a\u011fa\u00e7land\u0131rma \u00e7al\u0131\u015fmalar\u0131nda eme\u011fi ge\u00e7en herkese te\u015fekk\u00fcr ederek daha ye\u015fil bir \u00e7evre i\u00e7in herkesi duyarl\u0131 olmaya davet ettiler. Kaymakam Kan, &#8220;Bug\u00fcn Milli A\u011fa\u00e7land\u0131rma g\u00fcn\u00fcnde fidanlar\u0131 toprakla bulu\u015fturduk. \u00d6\u011frencilerimize de a\u011fa\u00e7land\u0131rman\u0131n \u00f6nemini anlatt\u0131k. A\u011fa\u00e7 dikmesini \u00f6\u011frendiler. Gelece\u011fimiz; \u00e7ocuklar\u0131m\u0131z ve ye\u015fil vatan\u0131m\u0131z. G\u00fczel bir uygulama oldu.  \u0130klim de\u011fi\u015fikli\u011fi ve kurakl\u0131k y\u00fcz\u00fcnden yaz zor ge\u00e7ti. Orman yang\u0131nlar\u0131n\u0131n y\u00fczde 96\u2019s\u0131 insan kaynakl\u0131. K\u00fcresel iklim de\u011fi\u015fikli\u011finden dolay\u0131 art\u0131k insanlar\u0131nda davran\u0131\u015flar\u0131n\u0131 de\u011fi\u015ftirmesi gerekiyor. Ayn\u0131 davran\u0131\u015flar\u0131m\u0131zla hayat\u0131m\u0131z\u0131 devam ettiremeyiz. \u00c7\u00fcnk\u00fc iklimin kontrol\u00fc insanlar\u0131n elinde. \u0130nsanlar\u0131n da davran\u0131\u015flar\u0131n\u0131 de\u011fi\u015ftirmesi laz\u0131m. Art\u0131k do\u011faya daha sayg\u0131l\u0131 ve daha bilin\u00e7li olmal\u0131y\u0131z&#8221; dedi.<br \/>\n<br \/>Fidanlar\u0131 toprakla bulu\u015fturan \u00e7ocuklar da ye\u015fil vatan\u0131 korunmas\u0131 i\u00e7in herkese \u00e7a\u011fr\u0131da bulundu.<\/p>\n<p>Orman Genel M\u00fcd\u00fcrl\u00fc\u011f\u00fc\u2019n\u00fcn destekleri ve Nazilli Kaymakaml\u0131\u011f\u0131n\u0131n \u00f6nc\u00fcl\u00fc\u011f\u00fcnde yediden yetmi\u015fe \u00e7ok say\u0131da vatanda\u015f\u0131n ilgi g\u00f6sterdi\u011fi \u2018Milli A\u011fa\u00e7land\u0131rma G\u00fcn\u00fc\u2019 etkinli\u011fine Nazilli Kaymakam\u0131 Huriye K\u00fcpeli Kan, Nazilli \u0130l\u00e7e Emniyet M\u00fcd\u00fcr\u00fc Erdal Esen, Nazilli \u0130l\u00e7e Jandarma Komutan Vekili \u00dcst Te\u011fmen Halil \u0130brahim Al\u0131\u00e7, Nazilli Orman \u0130\u015fletme M\u00fcd\u00fcr\u00fc H\u00fcseyin Devrim Dikili, Cumhuriyet Ba\u015fsavc\u0131 Vekili Rabia Y\u00fccekul Bilek, Denetimli Serbestlik \u015eube M\u00fcd\u00fcr\u00fc Haldun Ecevit Onur, Gen\u00e7lik Spor \u0130l\u00e7e M\u00fcd\u00fcrl\u00fc\u011f\u00fc ve Gen\u00e7lik Merkezi M\u00fcd\u00fcrl\u00fc\u011f\u00fc \u00c7al\u0131\u015fanlar\u0131, kaymakaml\u0131k daire m\u00fcd\u00fcrleri ve \u00e7al\u0131\u015fanlar\u0131, KYK \u00f6\u011frencileri, K\u0131z\u0131lay, AFAD G\u00f6n\u00fcll\u00fcleri, il\u00e7edeki okullar\u0131n y\u00f6neticileri ve \u00f6\u011frenciler ile vatanda\u015flar kat\u0131ld\u0131.<br \/><\/p>\n","protected":false},"excerpt":{"rendered":"<p>Ayd\u0131n\u2019\u0131n Nazilli il\u00e7esinde 11 Kas\u0131m Milli A\u011fa\u00e7land\u0131rma G\u00fcn\u00fc etkinlikleri kapsam\u0131nda 7 noktada 3 bin adet fidan toprakla bulu\u015ftu. \u0130l\u00e7eye ba\u011fl\u0131 k\u0131rsal Yaz\u0131rl\u0131 Mahallesi da\u011fl\u0131k kesimde ger\u00e7ekle\u015ftirilen fidan dikim etkinli\u011fi b\u00fcy\u00fck ilgi g\u00f6rd\u00fc. Cumhurba\u015fkan\u0131 Recep Tayyip Erdo\u011fan\u2019\u0131n himayelerinde d\u00fczenlenen 11 Kas\u0131m milli a\u011fa\u00e7land\u0131rma g\u00fcn\u00fc etkinli\u011finde 3 bin adet fidan toprakla bulu\u015ftu. Nazilli Orman \u0130\u015fletme M\u00fcd\u00fcrl\u00fc\u011f\u00fcne ba\u011fl\u0131&#8230;<\/p>\n","protected":false},"author":1,"featured_media":67191,"comment_status":"open","ping_status":"open","sticky":false,"template":"","format":"standard","meta":{"_crdt_document":"","footnotes":""},"categories":[1],"tags":[],"class_list":["post-67190","post","type-post","status-publish","format-standard","has-post-thumbnail","hentry","category-guncel"],"_links":{"self":[{"href":"https:\/\/www.egemtv.com\/index.php?rest_route=\/wp\/v2\/posts\/67190","targetHints":{"allow":["GET"]}}],"collection":[{"href":"https:\/\/www.egemtv.com\/index.php?rest_route=\/wp\/v2\/posts"}],"about":[{"href":"https:\/\/www.egemtv.com\/index.php?rest_route=\/wp\/v2\/types\/post"}],"author":[{"embeddable":true,"href":"https:\/\/www.egemtv.com\/index.php?rest_route=\/wp\/v2\/users\/1"}],"replies":[{"embeddable":true,"href":"https:\/\/www.egemtv.com\/index.php?rest_route=%2Fwp%2Fv2%2Fcomments&post=67190"}],"version-history":[{"count":1,"href":"https:\/\/www.egemtv.com\/index.php?rest_route=\/wp\/v2\/posts\/67190\/revisions"}],"predecessor-version":[{"id":67192,"href":"https:\/\/www.egemtv.com\/index.php?rest_route=\/wp\/v2\/posts\/67190\/revisions\/67192"}],"wp:featuredmedia":[{"embeddable":true,"href":"https:\/\/www.egemtv.com\/index.php?rest_route=\/wp\/v2\/media\/67191"}],"wp:attachment":[{"href":"https:\/\/www.egemtv.com\/index.php?rest_route=%2Fwp%2Fv2%2Fmedia&parent=67190"}],"wp:term":[{"taxonomy":"category","embeddable":true,"href":"https:\/\/www.egemtv.com\/index.php?rest_route=%2Fwp%2Fv2%2Fcategories&post=67190"},{"taxonomy":"post_tag","embeddable":true,"href":"https:\/\/www.egemtv.com\/index.php?rest_route=%2Fwp%2Fv2%2Ftags&post=67190"}],"curies":[{"name":"wp","href":"https:\/\/api.w.org\/{rel}","templated":true}]}}