{"id":67159,"date":"2025-11-11T14:14:53","date_gmt":"2025-11-11T11:14:53","guid":{"rendered":"https:\/\/www.egemtv.com\/?p=67159"},"modified":"2025-11-11T14:14:54","modified_gmt":"2025-11-11T11:14:54","slug":"merkezefendi-belediyesi-ataturku-anlamli-bir-konserle-yad-etti","status":"publish","type":"post","link":"https:\/\/www.egemtv.com\/?p=67159","title":{"rendered":"Merkezefendi Belediyesi Atat\u00fcrk\u2019\u00fc anlaml\u0131 bir konserle yad etti"},"content":{"rendered":"<p>Merkezefendi Belediyesi, Cumhuriyetimizin kurucusu B\u00fcy\u00fck \u00d6nder Gazi Mustafa Kemal Atat\u00fcrk\u2019\u00fc, vefat\u0131n\u0131n y\u0131ld\u00f6n\u00fcm\u00fcnde anlaml\u0131 bir konserle and\u0131.<\/p>\n<p>Merkezefendi Belediyesi, Ulu \u00d6nder Gazi Mustafa Kemal Atat\u00fcrk\u2019\u00fc, vefat\u0131n\u0131n 87. y\u0131l\u0131n\u0131 anlaml\u0131 bir etkinlikle and\u0131. Merkezefendi K\u00fclt\u00fcr Merkezi\u2019nde ger\u00e7ekle\u015ftirilen \u2018Bir Ulusa Adanm\u0131\u015f \u00d6mr\u00fcn Ezgileri\u2019 adl\u0131 anma konserinde, \u015eef Sevgi Utma y\u00f6netimindeki Merkezefendi Belediyesi \u00c7ok Sesli Korosu, Atat\u00fcrk\u2019e duyulan sevgi, sayg\u0131 ve minneti yans\u0131tan eserleri seslendirdi. Kat\u0131l\u0131mc\u0131lar bu duygu dolu g\u00fcnde, co\u015fku ve h\u00fcz\u00fcn dolu dakikalar ya\u015fad\u0131. Merkezefendi Belediye Ba\u015fkan\u0131 \u015eeniz Do\u011fan da sahneye \u00e7\u0131karak koro ile beraber \u015fark\u0131lara e\u015flik etti. Anma konserine yo\u011fun ilgi g\u00f6steren vatanda\u015flar, etkinli\u011fin sonunda uzun s\u00fcre ayakta alk\u0131\u015fland\u0131.<\/p>\n<p>&#8220;Atam\u0131z\u0131 hi\u00e7 unutmuyoruz, unutmayaca\u011f\u0131z&#8221;<br \/>\n<br \/>Merkezefendi Belediye Ba\u015fkan\u0131 \u015eeniz Do\u011fan, &#8220;Gazi Mustafa Kemal Atat\u00fcrk\u2019\u00fc hi\u00e7 unutmuyoruz. Fikirleri hi\u00e7 akl\u0131m\u0131zdan, g\u00f6nl\u00fcm\u00fczden \u00e7\u0131km\u0131yor. Bug\u00fcn il\u00e7emizde Atam\u0131z\u0131n \u00f6l\u00fcm y\u0131ld\u00f6n\u00fcm\u00fcn\u00fc her zamankinden daha farkl\u0131 daha anlaml\u0131 bir \u015fekilde and\u0131k. Bunu ak\u015famki konserimizle ta\u00e7land\u0131rd\u0131k. Onun fikriler ve vizyonu ile biz buralarday\u0131z. O bir d\u00e2hiydi, o bir devlet adam\u0131yd\u0131, o hepimizin babas\u0131yd\u0131 ama o ayn\u0131 zamanda \u00fclkesinin sanat ve sporda da ilerlemesini istiyordu. Bir\u00e7ok \u00fclkeden \u00f6nce bizi sanatla tan\u0131\u015ft\u0131rd\u0131. Nesiller ge\u00e7iyor, \u00f6m\u00fcrler ge\u00e7iyor hepimiz bir g\u00fcn bu \u00f6l\u00fcm\u00fc tadaca\u011f\u0131z. Ama o hi\u00e7bir zaman unutulmayacak. Onun fikirleri hi\u00e7bir zaman unutulmayacak. Bizler de gelecek ku\u015faklara bu \u00e7ocuklar\u0131m\u0131za onun izinden gitmeyi, onun devrimlerinin, eylemlerinin ne kadar \u00f6nemli oldu\u011funu aktarmam\u0131z gerekiyor. Her t\u00fcrl\u00fc olumsuzlu\u011fa, y\u0131pratmaya kar\u015f\u0131 sonuna kadar Atam\u0131z\u0131n izinden gidece\u011fiz. Cumhuriyetimizin kurucusu B\u00fcy\u00fck \u00d6nder Mustafa Kemal Atat\u00fcrk\u2019e duydu\u011fumuz sonsuz sevgi, sayg\u0131 ve minnetle dolu bu \u00f6zel gecede, bizleri duyguland\u0131ran koromuza ve bu anlaml\u0131 etkinlikte bizleri yaln\u0131z b\u0131rakmayan t\u00fcm hem\u015ferilerimize te\u015fekk\u00fcr ediyorum&#8221; dedi.<br \/><\/p>\n","protected":false},"excerpt":{"rendered":"<p>Merkezefendi Belediyesi, Cumhuriyetimizin kurucusu B\u00fcy\u00fck \u00d6nder Gazi Mustafa Kemal Atat\u00fcrk\u2019\u00fc, vefat\u0131n\u0131n y\u0131ld\u00f6n\u00fcm\u00fcnde anlaml\u0131 bir konserle and\u0131. Merkezefendi Belediyesi, Ulu \u00d6nder Gazi Mustafa Kemal Atat\u00fcrk\u2019\u00fc, vefat\u0131n\u0131n 87. y\u0131l\u0131n\u0131 anlaml\u0131 bir etkinlikle and\u0131. Merkezefendi K\u00fclt\u00fcr Merkezi\u2019nde ger\u00e7ekle\u015ftirilen \u2018Bir Ulusa Adanm\u0131\u015f \u00d6mr\u00fcn Ezgileri\u2019 adl\u0131 anma konserinde, \u015eef Sevgi Utma y\u00f6netimindeki Merkezefendi Belediyesi \u00c7ok Sesli Korosu, Atat\u00fcrk\u2019e duyulan sevgi,&#8230;<\/p>\n","protected":false},"author":1,"featured_media":67160,"comment_status":"open","ping_status":"open","sticky":false,"template":"","format":"standard","meta":{"_crdt_document":"","footnotes":""},"categories":[1],"tags":[],"class_list":["post-67159","post","type-post","status-publish","format-standard","has-post-thumbnail","hentry","category-guncel"],"_links":{"self":[{"href":"https:\/\/www.egemtv.com\/index.php?rest_route=\/wp\/v2\/posts\/67159","targetHints":{"allow":["GET"]}}],"collection":[{"href":"https:\/\/www.egemtv.com\/index.php?rest_route=\/wp\/v2\/posts"}],"about":[{"href":"https:\/\/www.egemtv.com\/index.php?rest_route=\/wp\/v2\/types\/post"}],"author":[{"embeddable":true,"href":"https:\/\/www.egemtv.com\/index.php?rest_route=\/wp\/v2\/users\/1"}],"replies":[{"embeddable":true,"href":"https:\/\/www.egemtv.com\/index.php?rest_route=%2Fwp%2Fv2%2Fcomments&post=67159"}],"version-history":[{"count":1,"href":"https:\/\/www.egemtv.com\/index.php?rest_route=\/wp\/v2\/posts\/67159\/revisions"}],"predecessor-version":[{"id":67161,"href":"https:\/\/www.egemtv.com\/index.php?rest_route=\/wp\/v2\/posts\/67159\/revisions\/67161"}],"wp:featuredmedia":[{"embeddable":true,"href":"https:\/\/www.egemtv.com\/index.php?rest_route=\/wp\/v2\/media\/67160"}],"wp:attachment":[{"href":"https:\/\/www.egemtv.com\/index.php?rest_route=%2Fwp%2Fv2%2Fmedia&parent=67159"}],"wp:term":[{"taxonomy":"category","embeddable":true,"href":"https:\/\/www.egemtv.com\/index.php?rest_route=%2Fwp%2Fv2%2Fcategories&post=67159"},{"taxonomy":"post_tag","embeddable":true,"href":"https:\/\/www.egemtv.com\/index.php?rest_route=%2Fwp%2Fv2%2Ftags&post=67159"}],"curies":[{"name":"wp","href":"https:\/\/api.w.org\/{rel}","templated":true}]}}