{"id":67138,"date":"2025-11-11T12:55:00","date_gmt":"2025-11-11T09:55:00","guid":{"rendered":"https:\/\/www.egemtv.com\/?p=67138"},"modified":"2025-11-11T12:55:01","modified_gmt":"2025-11-11T09:55:01","slug":"alasehirde-3-bin-fidan-toprakla-bulustu","status":"publish","type":"post","link":"https:\/\/www.egemtv.com\/?p=67138","title":{"rendered":"Ala\u015fehir\u2019de 3 bin fidan toprakla bulu\u015ftu"},"content":{"rendered":"<p>Manisa\u2019n\u0131n Ala\u015fehir il\u00e7esinde 11 Kas\u0131m Milli A\u011fa\u00e7land\u0131rma G\u00fcn\u00fc kapsam\u0131nda d\u00fczenlenen etkinlikte 3 bin f\u0131st\u0131k \u00e7am\u0131 fidan\u0131 toprakla bulu\u015fturuldu.<br \/>\n<br \/>Ala\u015fehir Ye\u015filyurt Orman \u0130\u015fletme \u015eefli\u011fi taraf\u0131ndan Tepek\u00f6y Mahallesi\u2019nde ger\u00e7ekle\u015ftirilen fidan dikimi program\u0131na Ala\u015fehir Kaymakam\u0131 Alper Faruk G\u00fcng\u00f6r, Ala\u015fehir Belediye Ba\u015fkan\u0131 Ahmet \u00d6k\u00fczc\u00fco\u011flu, sivil toplum kurulu\u015fu temsilcileri ve \u00f6\u011frenciler kat\u0131ld\u0131.<br \/>\n<br \/>Etkinlikte konu\u015fan Orman \u0130\u015fletme \u015eefi Emin \u015e\u0131vka, fidan dikimi hakk\u0131nda kat\u0131l\u0131mc\u0131lara uygulamal\u0131 bilgi verdi. \u015e\u0131vka, &#8220;Bu milli g\u00fcn\u00fcm\u00fczde, \u00fclkemizin gelece\u011fi i\u00e7in 3 bin adet f\u0131st\u0131k \u00e7am\u0131 fidan\u0131n\u0131 toprakla bulu\u015fturduk&#8221; dedi.<br \/>\n<br \/>Fidan dikiminin ard\u0131ndan etkinlik, \u00f6\u011frenciler ve kat\u0131l\u0131mc\u0131larla hat\u0131ra foto\u011fraf\u0131 \u00e7ekilmesiyle sona erdi.<br \/><\/p>\n","protected":false},"excerpt":{"rendered":"<p>Manisa\u2019n\u0131n Ala\u015fehir il\u00e7esinde 11 Kas\u0131m Milli A\u011fa\u00e7land\u0131rma G\u00fcn\u00fc kapsam\u0131nda d\u00fczenlenen etkinlikte 3 bin f\u0131st\u0131k \u00e7am\u0131 fidan\u0131 toprakla bulu\u015fturuldu. Ala\u015fehir Ye\u015filyurt Orman \u0130\u015fletme \u015eefli\u011fi taraf\u0131ndan Tepek\u00f6y Mahallesi\u2019nde ger\u00e7ekle\u015ftirilen fidan dikimi program\u0131na Ala\u015fehir Kaymakam\u0131 Alper Faruk G\u00fcng\u00f6r, Ala\u015fehir Belediye Ba\u015fkan\u0131 Ahmet \u00d6k\u00fczc\u00fco\u011flu, sivil toplum kurulu\u015fu temsilcileri ve \u00f6\u011frenciler kat\u0131ld\u0131. Etkinlikte konu\u015fan Orman \u0130\u015fletme \u015eefi Emin \u015e\u0131vka, fidan&#8230;<\/p>\n","protected":false},"author":1,"featured_media":67139,"comment_status":"open","ping_status":"open","sticky":false,"template":"","format":"standard","meta":{"_crdt_document":"","footnotes":""},"categories":[1],"tags":[],"class_list":["post-67138","post","type-post","status-publish","format-standard","has-post-thumbnail","hentry","category-guncel"],"_links":{"self":[{"href":"https:\/\/www.egemtv.com\/index.php?rest_route=\/wp\/v2\/posts\/67138","targetHints":{"allow":["GET"]}}],"collection":[{"href":"https:\/\/www.egemtv.com\/index.php?rest_route=\/wp\/v2\/posts"}],"about":[{"href":"https:\/\/www.egemtv.com\/index.php?rest_route=\/wp\/v2\/types\/post"}],"author":[{"embeddable":true,"href":"https:\/\/www.egemtv.com\/index.php?rest_route=\/wp\/v2\/users\/1"}],"replies":[{"embeddable":true,"href":"https:\/\/www.egemtv.com\/index.php?rest_route=%2Fwp%2Fv2%2Fcomments&post=67138"}],"version-history":[{"count":1,"href":"https:\/\/www.egemtv.com\/index.php?rest_route=\/wp\/v2\/posts\/67138\/revisions"}],"predecessor-version":[{"id":67140,"href":"https:\/\/www.egemtv.com\/index.php?rest_route=\/wp\/v2\/posts\/67138\/revisions\/67140"}],"wp:featuredmedia":[{"embeddable":true,"href":"https:\/\/www.egemtv.com\/index.php?rest_route=\/wp\/v2\/media\/67139"}],"wp:attachment":[{"href":"https:\/\/www.egemtv.com\/index.php?rest_route=%2Fwp%2Fv2%2Fmedia&parent=67138"}],"wp:term":[{"taxonomy":"category","embeddable":true,"href":"https:\/\/www.egemtv.com\/index.php?rest_route=%2Fwp%2Fv2%2Fcategories&post=67138"},{"taxonomy":"post_tag","embeddable":true,"href":"https:\/\/www.egemtv.com\/index.php?rest_route=%2Fwp%2Fv2%2Ftags&post=67138"}],"curies":[{"name":"wp","href":"https:\/\/api.w.org\/{rel}","templated":true}]}}