{"id":67135,"date":"2025-11-11T12:34:57","date_gmt":"2025-11-11T09:34:57","guid":{"rendered":"https:\/\/www.egemtv.com\/?p=67135"},"modified":"2025-11-11T12:34:58","modified_gmt":"2025-11-11T09:34:58","slug":"yanginda-kule-donen-ormanlari-minik-eller-yesertecek","status":"publish","type":"post","link":"https:\/\/www.egemtv.com\/?p=67135","title":{"rendered":"Yang\u0131nda k\u00fcle d\u00f6nen ormanlar\u0131 minik eller ye\u015fertecek"},"content":{"rendered":"<p>Manisa\u2019da 11 Kas\u0131m Milli A\u011fa\u00e7land\u0131rma G\u00fcn\u00fc dolay\u0131s\u0131yla yang\u0131nda k\u00fcle d\u00f6nen ormanl\u0131k alanlarda binlerce fidan minik ellerde toprakla bulu\u015ftu.<br \/>\n<br \/>Manisa\u2019da 11 Kas\u0131m Milli A\u011fa\u00e7land\u0131rma G\u00fcn\u00fc dolay\u0131s\u0131yla fidan dikim etkinli\u011fi d\u00fczenlendi. Manisa Valili\u011fi koordinasyonunda bir \u00e7ok kurumun da deste\u011fiyle ger\u00e7ekle\u015ftirilen etkinlikte ge\u00e7ti\u011fimiz yaz yang\u0131nda b\u00fcy\u00fck hasar alan Yunusemre il\u00e7esine ba\u011fl\u0131 Karakoca Mahallesi\u2019ndeki alan fidan dikimi i\u00e7in haz\u0131rland\u0131. Sayg\u0131 duru\u015funda bulunulmas\u0131 ve ard\u0131ndan \u0130stiklal Mar\u015f\u0131\u2019n\u0131n okunmas\u0131yla ba\u015flayan etkinlikte Manisa Valisi Vahdettin \u00d6zkan, \u00f6\u011frencilerle beraber fidan dikti.<\/p>\n<p>&#8220;Yanan alanlardan \u00e7ok daha fazlas\u0131n\u0131 a\u011fa\u00e7land\u0131raca\u011f\u0131z&#8221;<br \/>\n<br \/>Fidan dikim t\u00f6reninde konu\u015fan Vali \u00d6zkan, &#8220;Ye\u015fil vatan\u0131n korunmas\u0131, muhafaza edilmesi, \u00e7evresel de\u011ferlerin korunmas\u0131 hem insani bir vazife, vicdani bir vazife. Ayn\u0131 zamanda milletimizin bu hissiyat\u0131na terc\u00fcman olarak kamunun, devletimizin, h\u00fck\u00fcmetimizin, ilgili bakanl\u0131klar\u0131m\u0131z\u0131n stratejik olarak \u00f6nceledi\u011fi bir alan. Biz de bug\u00fcn burada bu faaliyeti icra ediyoruz. Bug\u00fcn e\u015f zamanl\u0131 olarak 16 ayr\u0131 lokasyonda bu faaliyet icra ediliyor. \u0130limizde yakla\u015f\u0131k 35 bin fidan dikilecek sadece bug\u00fcn i\u00e7in. Bu a\u011fa\u00e7land\u0131rma seferberli\u011fini artarak devam ettirece\u011fiz. \u00d6zellikle yanan alanlar olmak \u00fczere bu yanan alanlardan \u00e7ok daha fazlas\u0131n\u0131 a\u011fa\u00e7land\u0131raca\u011f\u0131z&#8221; dedi.<br \/>\n<br \/>\u00d6zellikle minik \u00f6\u011frencilerin yo\u011fun kat\u0131l\u0131m g\u00f6sterdi\u011fi etkinlikte minik eller rehberleri e\u015fli\u011finde fidanlar\u0131 toprakla bulu\u015fturdu.<br \/><\/p>\n","protected":false},"excerpt":{"rendered":"<p>Manisa\u2019da 11 Kas\u0131m Milli A\u011fa\u00e7land\u0131rma G\u00fcn\u00fc dolay\u0131s\u0131yla yang\u0131nda k\u00fcle d\u00f6nen ormanl\u0131k alanlarda binlerce fidan minik ellerde toprakla bulu\u015ftu. Manisa\u2019da 11 Kas\u0131m Milli A\u011fa\u00e7land\u0131rma G\u00fcn\u00fc dolay\u0131s\u0131yla fidan dikim etkinli\u011fi d\u00fczenlendi. Manisa Valili\u011fi koordinasyonunda bir \u00e7ok kurumun da deste\u011fiyle ger\u00e7ekle\u015ftirilen etkinlikte ge\u00e7ti\u011fimiz yaz yang\u0131nda b\u00fcy\u00fck hasar alan Yunusemre il\u00e7esine ba\u011fl\u0131 Karakoca Mahallesi\u2019ndeki alan fidan dikimi i\u00e7in haz\u0131rland\u0131&#8230;.<\/p>\n","protected":false},"author":1,"featured_media":67136,"comment_status":"open","ping_status":"open","sticky":false,"template":"","format":"standard","meta":{"_crdt_document":"","footnotes":""},"categories":[1],"tags":[],"class_list":["post-67135","post","type-post","status-publish","format-standard","has-post-thumbnail","hentry","category-guncel"],"_links":{"self":[{"href":"https:\/\/www.egemtv.com\/index.php?rest_route=\/wp\/v2\/posts\/67135","targetHints":{"allow":["GET"]}}],"collection":[{"href":"https:\/\/www.egemtv.com\/index.php?rest_route=\/wp\/v2\/posts"}],"about":[{"href":"https:\/\/www.egemtv.com\/index.php?rest_route=\/wp\/v2\/types\/post"}],"author":[{"embeddable":true,"href":"https:\/\/www.egemtv.com\/index.php?rest_route=\/wp\/v2\/users\/1"}],"replies":[{"embeddable":true,"href":"https:\/\/www.egemtv.com\/index.php?rest_route=%2Fwp%2Fv2%2Fcomments&post=67135"}],"version-history":[{"count":1,"href":"https:\/\/www.egemtv.com\/index.php?rest_route=\/wp\/v2\/posts\/67135\/revisions"}],"predecessor-version":[{"id":67137,"href":"https:\/\/www.egemtv.com\/index.php?rest_route=\/wp\/v2\/posts\/67135\/revisions\/67137"}],"wp:featuredmedia":[{"embeddable":true,"href":"https:\/\/www.egemtv.com\/index.php?rest_route=\/wp\/v2\/media\/67136"}],"wp:attachment":[{"href":"https:\/\/www.egemtv.com\/index.php?rest_route=%2Fwp%2Fv2%2Fmedia&parent=67135"}],"wp:term":[{"taxonomy":"category","embeddable":true,"href":"https:\/\/www.egemtv.com\/index.php?rest_route=%2Fwp%2Fv2%2Fcategories&post=67135"},{"taxonomy":"post_tag","embeddable":true,"href":"https:\/\/www.egemtv.com\/index.php?rest_route=%2Fwp%2Fv2%2Ftags&post=67135"}],"curies":[{"name":"wp","href":"https:\/\/api.w.org\/{rel}","templated":true}]}}