{"id":67132,"date":"2025-11-11T12:34:56","date_gmt":"2025-11-11T09:34:56","guid":{"rendered":"https:\/\/www.egemtv.com\/?p=67132"},"modified":"2025-11-11T12:34:57","modified_gmt":"2025-11-11T09:34:57","slug":"kutahya-belediyesi-birimler-arasi-futbol-turnuvasi-sona-erdi","status":"publish","type":"post","link":"https:\/\/www.egemtv.com\/?p=67132","title":{"rendered":"K\u00fctahya Belediyesi Birimler Aras\u0131 Futbol Turnuvas\u0131 sona erdi"},"content":{"rendered":"<p>K\u00fctahya Belediyesi taraf\u0131ndan Spor \u0130\u015fleri M\u00fcd\u00fcrl\u00fc\u011f\u00fc koordinasyonunda d\u00fczenlenen Birimler Aras\u0131 Hal\u0131 Saha Futbol Turnuvas\u0131, dostluk ve centilmenlik i\u00e7inde tamamland\u0131.<br \/>\n<br \/>Turnuvan\u0131n finalinde heyecan doru\u011fa \u00e7\u0131karken, Makine \u0130kmal Bak\u0131m ve Onar\u0131m M\u00fcd\u00fcrl\u00fc\u011f\u00fc \u015fampiyonlu\u011fu elde etti. \u0130\u015fletme ve \u0130\u015ftirakler M\u00fcd\u00fcrl\u00fc\u011f\u00fc ikinci, Yaz\u0131 \u0130\u015fleri M\u00fcd\u00fcrl\u00fc\u011f\u00fc ise \u00fc\u00e7\u00fcnc\u00fc oldu.<br \/>\n<br \/>Final m\u00fcsabakas\u0131n\u0131n ard\u0131ndan d\u00fczenlenen \u00f6d\u00fcl t\u00f6reninde, Belediye Ba\u015fkan Yard\u0131mc\u0131s\u0131 Osman Ortacl\u0131 tak\u0131mlar\u0131 tebrik ederek kupalar\u0131 ve madalyalar\u0131 takdim etti.<br \/>\n<br \/>Belediye yetkilileri, turnuvaya kat\u0131lan t\u00fcm ekipleri m\u00fccadele ruhu ve tak\u0131m dayan\u0131\u015fmas\u0131ndan dolay\u0131 kutlarken, \u015fampiyonluk kupas\u0131n\u0131 kald\u0131ran Makine \u0130kmal Bak\u0131m ve Onar\u0131m M\u00fcd\u00fcrl\u00fc\u011f\u00fc ekibini de ayr\u0131ca tebrik etti.<br \/><\/p>\n","protected":false},"excerpt":{"rendered":"<p>K\u00fctahya Belediyesi taraf\u0131ndan Spor \u0130\u015fleri M\u00fcd\u00fcrl\u00fc\u011f\u00fc koordinasyonunda d\u00fczenlenen Birimler Aras\u0131 Hal\u0131 Saha Futbol Turnuvas\u0131, dostluk ve centilmenlik i\u00e7inde tamamland\u0131. Turnuvan\u0131n finalinde heyecan doru\u011fa \u00e7\u0131karken, Makine \u0130kmal Bak\u0131m ve Onar\u0131m M\u00fcd\u00fcrl\u00fc\u011f\u00fc \u015fampiyonlu\u011fu elde etti. \u0130\u015fletme ve \u0130\u015ftirakler M\u00fcd\u00fcrl\u00fc\u011f\u00fc ikinci, Yaz\u0131 \u0130\u015fleri M\u00fcd\u00fcrl\u00fc\u011f\u00fc ise \u00fc\u00e7\u00fcnc\u00fc oldu. Final m\u00fcsabakas\u0131n\u0131n ard\u0131ndan d\u00fczenlenen \u00f6d\u00fcl t\u00f6reninde, Belediye Ba\u015fkan Yard\u0131mc\u0131s\u0131 Osman Ortacl\u0131&#8230;<\/p>\n","protected":false},"author":1,"featured_media":67133,"comment_status":"open","ping_status":"open","sticky":false,"template":"","format":"standard","meta":{"_crdt_document":"","footnotes":""},"categories":[4],"tags":[],"class_list":["post-67132","post","type-post","status-publish","format-standard","has-post-thumbnail","hentry","category-spor"],"_links":{"self":[{"href":"https:\/\/www.egemtv.com\/index.php?rest_route=\/wp\/v2\/posts\/67132","targetHints":{"allow":["GET"]}}],"collection":[{"href":"https:\/\/www.egemtv.com\/index.php?rest_route=\/wp\/v2\/posts"}],"about":[{"href":"https:\/\/www.egemtv.com\/index.php?rest_route=\/wp\/v2\/types\/post"}],"author":[{"embeddable":true,"href":"https:\/\/www.egemtv.com\/index.php?rest_route=\/wp\/v2\/users\/1"}],"replies":[{"embeddable":true,"href":"https:\/\/www.egemtv.com\/index.php?rest_route=%2Fwp%2Fv2%2Fcomments&post=67132"}],"version-history":[{"count":1,"href":"https:\/\/www.egemtv.com\/index.php?rest_route=\/wp\/v2\/posts\/67132\/revisions"}],"predecessor-version":[{"id":67134,"href":"https:\/\/www.egemtv.com\/index.php?rest_route=\/wp\/v2\/posts\/67132\/revisions\/67134"}],"wp:featuredmedia":[{"embeddable":true,"href":"https:\/\/www.egemtv.com\/index.php?rest_route=\/wp\/v2\/media\/67133"}],"wp:attachment":[{"href":"https:\/\/www.egemtv.com\/index.php?rest_route=%2Fwp%2Fv2%2Fmedia&parent=67132"}],"wp:term":[{"taxonomy":"category","embeddable":true,"href":"https:\/\/www.egemtv.com\/index.php?rest_route=%2Fwp%2Fv2%2Fcategories&post=67132"},{"taxonomy":"post_tag","embeddable":true,"href":"https:\/\/www.egemtv.com\/index.php?rest_route=%2Fwp%2Fv2%2Ftags&post=67132"}],"curies":[{"name":"wp","href":"https:\/\/api.w.org\/{rel}","templated":true}]}}