{"id":67129,"date":"2025-11-11T12:34:55","date_gmt":"2025-11-11T09:34:55","guid":{"rendered":"https:\/\/www.egemtv.com\/?p=67129"},"modified":"2025-11-11T12:34:56","modified_gmt":"2025-11-11T09:34:56","slug":"basarili-polise-tesekkur-ve-tebrik","status":"publish","type":"post","link":"https:\/\/www.egemtv.com\/?p=67129","title":{"rendered":"Ba\u015far\u0131l\u0131 polise te\u015fekk\u00fcr ve tebrik"},"content":{"rendered":"<p>K\u00fctahya\u2019n\u0131n Tav\u015fanl\u0131 \u0130l\u00e7e Kaymakam\u0131 \u00d6mer Faruk \u00d6zdemir, ge\u00e7ti\u011fimiz g\u00fcnlerde ger\u00e7ekle\u015ftirdi\u011fi hayat kurtaran operasyonla takdir toplayan \u0130l\u00e7e Emniyet M\u00fcd\u00fcrl\u00fc\u011f\u00fcnde g\u00f6revli Komiser Yard\u0131mc\u0131s\u0131 Mustafa Akarsu\u2019ya te\u015fekk\u00fcr ederek ba\u015far\u0131 belgesi takdim etti.<br \/>\n<br \/>Kaymakaml\u0131k makam\u0131nda ger\u00e7ekle\u015fen t\u00f6rende Kaymakam \u00d6zdemir, Komiser Yard\u0131mc\u0131s\u0131 Akarsu\u2019nun bir intihar giri\u015fimini \u00f6nlemedeki \u00fcst\u00fcn gayretini ve cesur hareketini tebrik etti.<br \/>\n<br \/>Komiser Yard\u0131mc\u0131s\u0131 Mustafa Akarsu, ge\u00e7ti\u011fimiz g\u00fcnlerde bir \u00e7at\u0131 kat\u0131ndan kendini atmak \u00fczere olan bir vatanda\u015f\u0131 ba\u015far\u0131l\u0131 bir \u015fekilde ikna ederek ve kritik bir m\u00fcdahaleyle kurtararak b\u00fcy\u00fck bir faciay\u0131 engellemi\u015fti. Bu fedak\u00e2r ve ba\u015far\u0131l\u0131 hizmeti dolay\u0131s\u0131yla Kaymakam \u00d6zdemir taraf\u0131ndan onurland\u0131r\u0131ld\u0131.<br \/>\n<br \/>Kaymakam \u00d6mer Faruk \u00d6zdemir, g\u00f6revini b\u00fcy\u00fck bir hassasiyet ve cesaretle yerine getiren t\u00fcm emniyet mensuplar\u0131na te\u015fekk\u00fcr ederek, Komiser Yard\u0131mc\u0131s\u0131 Akarsu\u2019nun bu davran\u0131\u015f\u0131n\u0131n di\u011fer meslekta\u015flar\u0131na da \u00f6rnek te\u015fkil etmesi temennisinde bulundu.<br \/><\/p>\n","protected":false},"excerpt":{"rendered":"<p>K\u00fctahya\u2019n\u0131n Tav\u015fanl\u0131 \u0130l\u00e7e Kaymakam\u0131 \u00d6mer Faruk \u00d6zdemir, ge\u00e7ti\u011fimiz g\u00fcnlerde ger\u00e7ekle\u015ftirdi\u011fi hayat kurtaran operasyonla takdir toplayan \u0130l\u00e7e Emniyet M\u00fcd\u00fcrl\u00fc\u011f\u00fcnde g\u00f6revli Komiser Yard\u0131mc\u0131s\u0131 Mustafa Akarsu\u2019ya te\u015fekk\u00fcr ederek ba\u015far\u0131 belgesi takdim etti. Kaymakaml\u0131k makam\u0131nda ger\u00e7ekle\u015fen t\u00f6rende Kaymakam \u00d6zdemir, Komiser Yard\u0131mc\u0131s\u0131 Akarsu\u2019nun bir intihar giri\u015fimini \u00f6nlemedeki \u00fcst\u00fcn gayretini ve cesur hareketini tebrik etti. Komiser Yard\u0131mc\u0131s\u0131 Mustafa Akarsu, ge\u00e7ti\u011fimiz g\u00fcnlerde&#8230;<\/p>\n","protected":false},"author":1,"featured_media":67130,"comment_status":"open","ping_status":"open","sticky":false,"template":"","format":"standard","meta":{"_crdt_document":"","footnotes":""},"categories":[5],"tags":[],"class_list":["post-67129","post","type-post","status-publish","format-standard","has-post-thumbnail","hentry","category-asayis"],"_links":{"self":[{"href":"https:\/\/www.egemtv.com\/index.php?rest_route=\/wp\/v2\/posts\/67129","targetHints":{"allow":["GET"]}}],"collection":[{"href":"https:\/\/www.egemtv.com\/index.php?rest_route=\/wp\/v2\/posts"}],"about":[{"href":"https:\/\/www.egemtv.com\/index.php?rest_route=\/wp\/v2\/types\/post"}],"author":[{"embeddable":true,"href":"https:\/\/www.egemtv.com\/index.php?rest_route=\/wp\/v2\/users\/1"}],"replies":[{"embeddable":true,"href":"https:\/\/www.egemtv.com\/index.php?rest_route=%2Fwp%2Fv2%2Fcomments&post=67129"}],"version-history":[{"count":1,"href":"https:\/\/www.egemtv.com\/index.php?rest_route=\/wp\/v2\/posts\/67129\/revisions"}],"predecessor-version":[{"id":67131,"href":"https:\/\/www.egemtv.com\/index.php?rest_route=\/wp\/v2\/posts\/67129\/revisions\/67131"}],"wp:featuredmedia":[{"embeddable":true,"href":"https:\/\/www.egemtv.com\/index.php?rest_route=\/wp\/v2\/media\/67130"}],"wp:attachment":[{"href":"https:\/\/www.egemtv.com\/index.php?rest_route=%2Fwp%2Fv2%2Fmedia&parent=67129"}],"wp:term":[{"taxonomy":"category","embeddable":true,"href":"https:\/\/www.egemtv.com\/index.php?rest_route=%2Fwp%2Fv2%2Fcategories&post=67129"},{"taxonomy":"post_tag","embeddable":true,"href":"https:\/\/www.egemtv.com\/index.php?rest_route=%2Fwp%2Fv2%2Ftags&post=67129"}],"curies":[{"name":"wp","href":"https:\/\/api.w.org\/{rel}","templated":true}]}}