{"id":66994,"date":"2025-11-10T15:34:49","date_gmt":"2025-11-10T12:34:49","guid":{"rendered":"https:\/\/www.egemtv.com\/?p=66994"},"modified":"2025-11-10T15:34:49","modified_gmt":"2025-11-10T12:34:49","slug":"ispartada-uyusturucu-ticaretinden-12-yil-6-ay-hapis-cezasi-bulunan-sahis-yakalandi","status":"publish","type":"post","link":"https:\/\/www.egemtv.com\/?p=66994","title":{"rendered":"Isparta\u2019da uyu\u015fturucu ticaretinden 12 y\u0131l 6 ay hapis cezas\u0131 bulunan \u015fah\u0131s yakaland\u0131"},"content":{"rendered":"<p>Isparta\u2019da polis ekiplerince ger\u00e7ekle\u015ftirilen operasyonda, &#8220;Uyu\u015fturucu veya Uyar\u0131c\u0131 Madde Ticareti&#8221; su\u00e7undan 12 y\u0131l 6 ay kesinle\u015fmi\u015f hapis cezas\u0131 bulunan bir ki\u015fi yakalanarak ceza infaz kurumuna teslim edildi.<br \/>\n<br \/>Isparta \u0130l Emniyet M\u00fcd\u00fcrl\u00fc\u011f\u00fc ekipleri, hakk\u0131nda &#8220;Uyu\u015fturucu veya Uyar\u0131c\u0131 Madde Ticareti&#8221; su\u00e7undan 12 y\u0131l 6 ay kesinle\u015fmi\u015f hapis cezas\u0131 bulunan bir \u015fahs\u0131 yakalad\u0131. Bug\u00fcn ger\u00e7ekle\u015ftirilen operasyonda yakalanan \u015fah\u0131s, emniyetteki i\u015flemlerinin ard\u0131ndan Ceza \u0130nfaz Kurumuna teslim edildi.<br \/><\/p>\n","protected":false},"excerpt":{"rendered":"<p>Isparta\u2019da polis ekiplerince ger\u00e7ekle\u015ftirilen operasyonda, &#8220;Uyu\u015fturucu veya Uyar\u0131c\u0131 Madde Ticareti&#8221; su\u00e7undan 12 y\u0131l 6 ay kesinle\u015fmi\u015f hapis cezas\u0131 bulunan bir ki\u015fi yakalanarak ceza infaz kurumuna teslim edildi. Isparta \u0130l Emniyet M\u00fcd\u00fcrl\u00fc\u011f\u00fc ekipleri, hakk\u0131nda &#8220;Uyu\u015fturucu veya Uyar\u0131c\u0131 Madde Ticareti&#8221; su\u00e7undan 12 y\u0131l 6 ay kesinle\u015fmi\u015f hapis cezas\u0131 bulunan bir \u015fahs\u0131 yakalad\u0131. Bug\u00fcn ger\u00e7ekle\u015ftirilen operasyonda yakalanan \u015fah\u0131s,&#8230;<\/p>\n","protected":false},"author":1,"featured_media":66995,"comment_status":"open","ping_status":"open","sticky":false,"template":"","format":"standard","meta":{"_crdt_document":"","footnotes":""},"categories":[5],"tags":[],"class_list":["post-66994","post","type-post","status-publish","format-standard","has-post-thumbnail","hentry","category-asayis"],"_links":{"self":[{"href":"https:\/\/www.egemtv.com\/index.php?rest_route=\/wp\/v2\/posts\/66994","targetHints":{"allow":["GET"]}}],"collection":[{"href":"https:\/\/www.egemtv.com\/index.php?rest_route=\/wp\/v2\/posts"}],"about":[{"href":"https:\/\/www.egemtv.com\/index.php?rest_route=\/wp\/v2\/types\/post"}],"author":[{"embeddable":true,"href":"https:\/\/www.egemtv.com\/index.php?rest_route=\/wp\/v2\/users\/1"}],"replies":[{"embeddable":true,"href":"https:\/\/www.egemtv.com\/index.php?rest_route=%2Fwp%2Fv2%2Fcomments&post=66994"}],"version-history":[{"count":1,"href":"https:\/\/www.egemtv.com\/index.php?rest_route=\/wp\/v2\/posts\/66994\/revisions"}],"predecessor-version":[{"id":66996,"href":"https:\/\/www.egemtv.com\/index.php?rest_route=\/wp\/v2\/posts\/66994\/revisions\/66996"}],"wp:featuredmedia":[{"embeddable":true,"href":"https:\/\/www.egemtv.com\/index.php?rest_route=\/wp\/v2\/media\/66995"}],"wp:attachment":[{"href":"https:\/\/www.egemtv.com\/index.php?rest_route=%2Fwp%2Fv2%2Fmedia&parent=66994"}],"wp:term":[{"taxonomy":"category","embeddable":true,"href":"https:\/\/www.egemtv.com\/index.php?rest_route=%2Fwp%2Fv2%2Fcategories&post=66994"},{"taxonomy":"post_tag","embeddable":true,"href":"https:\/\/www.egemtv.com\/index.php?rest_route=%2Fwp%2Fv2%2Ftags&post=66994"}],"curies":[{"name":"wp","href":"https:\/\/api.w.org\/{rel}","templated":true}]}}