{"id":66991,"date":"2025-11-10T15:34:48","date_gmt":"2025-11-10T12:34:48","guid":{"rendered":"https:\/\/www.egemtv.com\/?p=66991"},"modified":"2025-11-10T15:34:49","modified_gmt":"2025-11-10T12:34:49","slug":"gelin-damat-dugunu-yarida-kesip-atasini-andi","status":"publish","type":"post","link":"https:\/\/www.egemtv.com\/?p=66991","title":{"rendered":"Gelin damat d\u00fc\u011f\u00fcn\u00fc yar\u0131da kesip Ata\u2019s\u0131n\u0131 and\u0131"},"content":{"rendered":"<p>Denizli\u2019nin \u00c7ameli il\u00e7esinde d\u00fc\u011f\u00fcn\u00fc yar\u0131da kesen gelin damat ve vatanda\u015flar, Atat\u00fcrk an\u0131s\u0131na sayg\u0131 duru\u015funda bulunup \u0130stiklal Mar\u015f\u0131n\u0131 okuyarak \u00f6rnek bir duyarl\u0131l\u0131\u011fa imza att\u0131.<\/p>\n<p>Denizli\u2019nin \u00c7ameli il\u00e7esine ba\u011fl\u0131 Ta\u015f\u00e7\u0131lar Mahallesi\u2019nde ger\u00e7ekle\u015fen d\u00fc\u011f\u00fcn t\u00f6reninde \u00f6rnek bir duyarl\u0131l\u0131k sergilendi. D\u00fcnya evine giren Samet ve G\u00fclcan Bozbey \u00e7ifti, 10 Kas\u0131m Atat\u00fcrk\u2019\u00fc Anma ve Atat\u00fcrk Haftas\u0131\u2019nda ger\u00e7ekle\u015fen d\u00fc\u011f\u00fcn t\u00f6renlerinde bu anlaml\u0131 g\u00fcne kay\u0131ts\u0131z kalmad\u0131.<\/p>\n<p>E\u011flencenin devam etti\u011fi s\u0131rada d\u00fc\u011f\u00fcn\u00fc yar\u0131da kesen gen\u00e7 \u00e7ift, T\u00fcrkiye Cumhuriyetinin kurucusu Gazi Mustafa Kemal Atat\u00fcrk ve silah arkada\u015flar\u0131n\u0131n an\u0131s\u0131na sayg\u0131 duru\u015funda bulunarak, davetlilerle birlikte \u0130stiklal Mar\u015f\u0131n\u0131 okudu. En mutlu ve tela\u015fl\u0131 g\u00fcnlerini ge\u00e7irmelerine ra\u011fmen Atat\u00fcrk\u2019\u00fc unutmayan gen\u00e7 \u00e7ift ve ailelerinin g\u00f6sterdi\u011fi \u00f6rnek duyarl\u0131l\u0131k, davetlilerin takdirini toplad\u0131.<br \/><\/p>\n","protected":false},"excerpt":{"rendered":"<p>Denizli\u2019nin \u00c7ameli il\u00e7esinde d\u00fc\u011f\u00fcn\u00fc yar\u0131da kesen gelin damat ve vatanda\u015flar, Atat\u00fcrk an\u0131s\u0131na sayg\u0131 duru\u015funda bulunup \u0130stiklal Mar\u015f\u0131n\u0131 okuyarak \u00f6rnek bir duyarl\u0131l\u0131\u011fa imza att\u0131. Denizli\u2019nin \u00c7ameli il\u00e7esine ba\u011fl\u0131 Ta\u015f\u00e7\u0131lar Mahallesi\u2019nde ger\u00e7ekle\u015fen d\u00fc\u011f\u00fcn t\u00f6reninde \u00f6rnek bir duyarl\u0131l\u0131k sergilendi. D\u00fcnya evine giren Samet ve G\u00fclcan Bozbey \u00e7ifti, 10 Kas\u0131m Atat\u00fcrk\u2019\u00fc Anma ve Atat\u00fcrk Haftas\u0131\u2019nda ger\u00e7ekle\u015fen d\u00fc\u011f\u00fcn t\u00f6renlerinde bu&#8230;<\/p>\n","protected":false},"author":1,"featured_media":66992,"comment_status":"open","ping_status":"open","sticky":false,"template":"","format":"standard","meta":{"_crdt_document":"","footnotes":""},"categories":[1],"tags":[],"class_list":["post-66991","post","type-post","status-publish","format-standard","has-post-thumbnail","hentry","category-guncel"],"_links":{"self":[{"href":"https:\/\/www.egemtv.com\/index.php?rest_route=\/wp\/v2\/posts\/66991","targetHints":{"allow":["GET"]}}],"collection":[{"href":"https:\/\/www.egemtv.com\/index.php?rest_route=\/wp\/v2\/posts"}],"about":[{"href":"https:\/\/www.egemtv.com\/index.php?rest_route=\/wp\/v2\/types\/post"}],"author":[{"embeddable":true,"href":"https:\/\/www.egemtv.com\/index.php?rest_route=\/wp\/v2\/users\/1"}],"replies":[{"embeddable":true,"href":"https:\/\/www.egemtv.com\/index.php?rest_route=%2Fwp%2Fv2%2Fcomments&post=66991"}],"version-history":[{"count":1,"href":"https:\/\/www.egemtv.com\/index.php?rest_route=\/wp\/v2\/posts\/66991\/revisions"}],"predecessor-version":[{"id":66993,"href":"https:\/\/www.egemtv.com\/index.php?rest_route=\/wp\/v2\/posts\/66991\/revisions\/66993"}],"wp:featuredmedia":[{"embeddable":true,"href":"https:\/\/www.egemtv.com\/index.php?rest_route=\/wp\/v2\/media\/66992"}],"wp:attachment":[{"href":"https:\/\/www.egemtv.com\/index.php?rest_route=%2Fwp%2Fv2%2Fmedia&parent=66991"}],"wp:term":[{"taxonomy":"category","embeddable":true,"href":"https:\/\/www.egemtv.com\/index.php?rest_route=%2Fwp%2Fv2%2Fcategories&post=66991"},{"taxonomy":"post_tag","embeddable":true,"href":"https:\/\/www.egemtv.com\/index.php?rest_route=%2Fwp%2Fv2%2Ftags&post=66991"}],"curies":[{"name":"wp","href":"https:\/\/api.w.org\/{rel}","templated":true}]}}