{"id":66988,"date":"2025-11-10T15:14:50","date_gmt":"2025-11-10T12:14:50","guid":{"rendered":"https:\/\/www.egemtv.com\/?p=66988"},"modified":"2025-11-10T15:14:51","modified_gmt":"2025-11-10T12:14:51","slug":"aydin-buyuksehir-ataturk-icin-hayir-gerceklestirdi","status":"publish","type":"post","link":"https:\/\/www.egemtv.com\/?p=66988","title":{"rendered":"Ayd\u0131n B\u00fcy\u00fck\u015fehir, Atat\u00fcrk i\u00e7in hay\u0131r ger\u00e7ekle\u015ftirdi"},"content":{"rendered":"<p>Ayd\u0131n B\u00fcy\u00fck\u015fehir Belediyesi, Gazi Mustafa Kemal Atat\u00fcrk\u2019\u00fcn aram\u0131zdan ayr\u0131l\u0131\u015f\u0131n\u0131n 87\u2019nci y\u0131l d\u00f6n\u00fcm\u00fc nedeniyle hay\u0131r ger\u00e7ekle\u015ftirdi.<\/p>\n<p>Hay\u0131r, binlerce vatanda\u015fa ula\u015ft\u0131r\u0131ld\u0131. Hay\u0131rdan alan vatanda\u015flar, Ayd\u0131n B\u00fcy\u00fck\u015fehir Belediye Ba\u015fkan\u0131 \u00d6zlem \u00c7er\u00e7io\u011flu\u2019na te\u015fekk\u00fcr etti.<\/p>\n<p>Ba\u015fkan \u00c7er\u00e7io\u011flu, Gazi Mustafa Kemal Atat\u00fcrk\u2019\u00fc sayg\u0131yla ve \u00f6zlemle and\u0131klar\u0131n\u0131 ifade ederek, &#8220;Atam\u0131z, milletimizin yeniden dirili\u015finin, ba\u011f\u0131ms\u0131zl\u0131k ve \u00f6zg\u00fcrl\u00fck m\u00fccadelesinin en g\u00fc\u00e7l\u00fc simgesidir. Onun g\u00f6sterdi\u011fi hedefler do\u011frultusunda \u00fclkemizi daha g\u00fc\u00e7l\u00fc, daha \u00fcretken, daha ayd\u0131nl\u0131k bir gelece\u011fe ta\u015f\u0131mak i\u00e7in azimle \u00e7al\u0131\u015f\u0131yoruz. Aziz hat\u0131ras\u0131 ile birlikte bizlere b\u0131rakt\u0131\u011f\u0131 \u2018Cumhuriyet\u2019 miras\u0131na sahip \u00e7\u0131kmak, hepimizin en kutsal g\u00f6revidir. Ulu \u00d6nder Gazi Mustafa Kemal Atat\u00fcrk\u2019\u00fc sonsuz \u00f6zlem, minnet ve sayg\u0131yla an\u0131yor; emaneti olan Cumhuriyetimizi ilelebet ya\u015fataca\u011f\u0131m\u0131za s\u00f6z veriyorum&#8221; ifadelerini kulland\u0131.<br \/><\/p>\n","protected":false},"excerpt":{"rendered":"<p>Ayd\u0131n B\u00fcy\u00fck\u015fehir Belediyesi, Gazi Mustafa Kemal Atat\u00fcrk\u2019\u00fcn aram\u0131zdan ayr\u0131l\u0131\u015f\u0131n\u0131n 87\u2019nci y\u0131l d\u00f6n\u00fcm\u00fc nedeniyle hay\u0131r ger\u00e7ekle\u015ftirdi. Hay\u0131r, binlerce vatanda\u015fa ula\u015ft\u0131r\u0131ld\u0131. Hay\u0131rdan alan vatanda\u015flar, Ayd\u0131n B\u00fcy\u00fck\u015fehir Belediye Ba\u015fkan\u0131 \u00d6zlem \u00c7er\u00e7io\u011flu\u2019na te\u015fekk\u00fcr etti. Ba\u015fkan \u00c7er\u00e7io\u011flu, Gazi Mustafa Kemal Atat\u00fcrk\u2019\u00fc sayg\u0131yla ve \u00f6zlemle and\u0131klar\u0131n\u0131 ifade ederek, &#8220;Atam\u0131z, milletimizin yeniden dirili\u015finin, ba\u011f\u0131ms\u0131zl\u0131k ve \u00f6zg\u00fcrl\u00fck m\u00fccadelesinin en g\u00fc\u00e7l\u00fc simgesidir. Onun g\u00f6sterdi\u011fi&#8230;<\/p>\n","protected":false},"author":1,"featured_media":66989,"comment_status":"open","ping_status":"open","sticky":false,"template":"","format":"standard","meta":{"_crdt_document":"","footnotes":""},"categories":[1],"tags":[],"class_list":["post-66988","post","type-post","status-publish","format-standard","has-post-thumbnail","hentry","category-guncel"],"_links":{"self":[{"href":"https:\/\/www.egemtv.com\/index.php?rest_route=\/wp\/v2\/posts\/66988","targetHints":{"allow":["GET"]}}],"collection":[{"href":"https:\/\/www.egemtv.com\/index.php?rest_route=\/wp\/v2\/posts"}],"about":[{"href":"https:\/\/www.egemtv.com\/index.php?rest_route=\/wp\/v2\/types\/post"}],"author":[{"embeddable":true,"href":"https:\/\/www.egemtv.com\/index.php?rest_route=\/wp\/v2\/users\/1"}],"replies":[{"embeddable":true,"href":"https:\/\/www.egemtv.com\/index.php?rest_route=%2Fwp%2Fv2%2Fcomments&post=66988"}],"version-history":[{"count":1,"href":"https:\/\/www.egemtv.com\/index.php?rest_route=\/wp\/v2\/posts\/66988\/revisions"}],"predecessor-version":[{"id":66990,"href":"https:\/\/www.egemtv.com\/index.php?rest_route=\/wp\/v2\/posts\/66988\/revisions\/66990"}],"wp:featuredmedia":[{"embeddable":true,"href":"https:\/\/www.egemtv.com\/index.php?rest_route=\/wp\/v2\/media\/66989"}],"wp:attachment":[{"href":"https:\/\/www.egemtv.com\/index.php?rest_route=%2Fwp%2Fv2%2Fmedia&parent=66988"}],"wp:term":[{"taxonomy":"category","embeddable":true,"href":"https:\/\/www.egemtv.com\/index.php?rest_route=%2Fwp%2Fv2%2Fcategories&post=66988"},{"taxonomy":"post_tag","embeddable":true,"href":"https:\/\/www.egemtv.com\/index.php?rest_route=%2Fwp%2Fv2%2Ftags&post=66988"}],"curies":[{"name":"wp","href":"https:\/\/api.w.org\/{rel}","templated":true}]}}