{"id":66985,"date":"2025-11-10T15:14:49","date_gmt":"2025-11-10T12:14:49","guid":{"rendered":"https:\/\/www.egemtv.com\/?p=66985"},"modified":"2025-11-10T15:14:50","modified_gmt":"2025-11-10T12:14:50","slug":"denizlili-sanayiciler-cin-uluslararasi-ithalat-fuarini-ziyaret-etti","status":"publish","type":"post","link":"https:\/\/www.egemtv.com\/?p=66985","title":{"rendered":"Denizlili sanayiciler \u00c7in Uluslararas\u0131 \u0130thalat Fuar\u0131n\u0131 ziyaret etti"},"content":{"rendered":"<p>DEN\u0130ZL\u0130 (\u0130HA) \u2013 \u00c7in Halk Cumhuriyeti\u2019nin \u015eanghay kentinde d\u00fczenlenen 8. \u00c7in Uluslararas\u0131 \u0130thalat Fuar\u0131na kat\u0131lan Denizlili ihracat\u00e7\u0131lar, iki \u00fclke aras\u0131ndaki ticari ili\u015fkilerin geli\u015ftirilmesine y\u00f6nelik \u00f6nemli temaslarda bulundu.<\/p>\n<p>\u00c7in Uluslararas\u0131 \u0130thalat Fuar\u0131 kapsam\u0131ndaki tan\u0131t\u0131m etkinlikleri ve temaslar, T\u00fcrkiye\u2019nin \u00c7in pazar\u0131ndaki bilinirli\u011fini art\u0131rarak T\u00fcrk markalar\u0131n\u0131n tan\u0131t\u0131m\u0131na \u00f6nemli katk\u0131 sa\u011fl\u0131yor. Bu y\u0131l fuara, 15 T\u00fcrk firmas\u0131 milli kat\u0131l\u0131m organizasyonu \u00e7er\u00e7evesinde kat\u0131l\u0131m sa\u011fl\u0131yor.<\/p>\n<p>Denizli \u0130hracat\u00e7\u0131lar Birli\u011fi (DEN\u0130B) ad\u0131na Y\u00f6netim Kurulu Ba\u015fkan\u0131 H\u00fcseyin Memi\u015fo\u011flu ve Y\u00f6netim Kurulu Muhasip \u00dcyesi Selim Yaymano\u011flu, fuar\u0131 ziyaret ederek T\u00fcrk firmalar\u0131n\u0131n stantlar\u0131n\u0131 gezdi ve \u00e7al\u0131\u015fmalar\u0131 hakk\u0131nda bilgi ald\u0131. Heyet, fuar alan\u0131nda T\u00fcrkiye milli kat\u0131l\u0131m organizasyonu hakk\u0131nda yetkililerden bilgi alarak genel de\u011ferlendirmelerde bulundu.<\/p>\n<p>DEN\u0130B Ba\u015fkan\u0131 H\u00fcseyin Memi\u015fo\u011flu, \u00c7in Uluslararas\u0131 \u0130thalat Fuar\u0131\u2019na ili\u015fkin yapt\u0131\u011f\u0131 de\u011ferlendirmede \u015fu ifadeleri kulland\u0131:<br \/>\n<br \/>&#8220;\u00c7in Uluslararas\u0131 \u0130thalat Fuar\u0131, T\u00fcrkiye\u2019nin tan\u0131t\u0131m\u0131 ve ihracat potansiyelinin ortaya konulmas\u0131 a\u00e7\u0131s\u0131ndan \u00f6nemli bir platform. \u00dclkemizin farkl\u0131 sekt\u00f6rlerden firmalarla g\u00fc\u00e7l\u00fc bir \u015fekilde temsil edilmesi memnuniyet verici. Bu t\u00fcr organizasyonlar\u0131n, T\u00fcrkiye\u2019nin k\u00fcresel pazarlardaki g\u00f6r\u00fcn\u00fcrl\u00fc\u011f\u00fcne katk\u0131 sa\u011flad\u0131\u011f\u0131n\u0131 d\u00fc\u015f\u00fcn\u00fcyoruz. D\u00fcnyan\u0131n bir\u00e7ok \u00fclkesinden kat\u0131l\u0131mc\u0131n\u0131n yer ald\u0131\u011f\u0131 bu b\u00fcy\u00fck organizasyon, farkl\u0131 co\u011frafyalardan firmalar\u0131 ve i\u015f insanlar\u0131n\u0131 bir araya getiriyor. Bu y\u0131l fuarda kimyasal, elektronik, otomotiv ve ev dekorasyonu gibi sekt\u00f6rlerde faaliyet g\u00f6steren firmalar yer al\u0131yor. \u00c7in pazar\u0131, gerek b\u00fcy\u00fckl\u00fc\u011f\u00fc gerekse ithalat potansiyeliyle ihracat\u00e7\u0131lar\u0131m\u0131z i\u00e7in stratejik bir \u00f6neme sahip. T\u00fcrk \u00fcr\u00fcnlerinin kalitesi ve \u00e7e\u015fitlili\u011fiyle bu pazarda daha fazla yer bulabilece\u011fine inan\u0131yoruz. Fuarda yer alan T\u00fcrk firmalar\u0131n\u0131n \u00fcr\u00fcnlerini ba\u015far\u0131yla tan\u0131tt\u0131\u011f\u0131n\u0131 g\u00f6rmek bizleri gururland\u0131rd\u0131. Bu fuarda Denizlili ihracat\u00e7\u0131lar\u0131m\u0131z\u0131 \u00c7inli i\u015f insanlar\u0131yla bulu\u015fturmay\u0131, yeni ba\u011flant\u0131lar kurulmas\u0131na ve ticari ili\u015fkilerin g\u00fc\u00e7lendirilmesine katk\u0131 sa\u011flamay\u0131 ama\u00e7l\u0131yoruz. \u00d6n\u00fcm\u00fczdeki d\u00f6nemde \u00c7in ile ticari ili\u015fkilerimizin daha da geli\u015fmesi, yeni i\u015f birliklerinin kurulmas\u0131 ve ihracat hacmimizin artmas\u0131 en b\u00fcy\u00fck temennimiz. DEN\u0130B olarak, \u00fcyelerimizin Uzak Do\u011fu pazarlar\u0131nda daha g\u00fc\u00e7l\u00fc bir \u015fekilde yer almas\u0131 i\u00e7in \u00e7al\u0131\u015fmalar\u0131m\u0131z\u0131 s\u00fcrd\u00fcrece\u011fiz&#8221; dedi.<br \/><\/p>\n","protected":false},"excerpt":{"rendered":"<p>DEN\u0130ZL\u0130 (\u0130HA) \u2013 \u00c7in Halk Cumhuriyeti\u2019nin \u015eanghay kentinde d\u00fczenlenen 8. \u00c7in Uluslararas\u0131 \u0130thalat Fuar\u0131na kat\u0131lan Denizlili ihracat\u00e7\u0131lar, iki \u00fclke aras\u0131ndaki ticari ili\u015fkilerin geli\u015ftirilmesine y\u00f6nelik \u00f6nemli temaslarda bulundu. \u00c7in Uluslararas\u0131 \u0130thalat Fuar\u0131 kapsam\u0131ndaki tan\u0131t\u0131m etkinlikleri ve temaslar, T\u00fcrkiye\u2019nin \u00c7in pazar\u0131ndaki bilinirli\u011fini art\u0131rarak T\u00fcrk markalar\u0131n\u0131n tan\u0131t\u0131m\u0131na \u00f6nemli katk\u0131 sa\u011fl\u0131yor. Bu y\u0131l fuara, 15 T\u00fcrk firmas\u0131 milli kat\u0131l\u0131m&#8230;<\/p>\n","protected":false},"author":1,"featured_media":66986,"comment_status":"open","ping_status":"open","sticky":false,"template":"","format":"standard","meta":{"_crdt_document":"","footnotes":""},"categories":[125],"tags":[],"class_list":["post-66985","post","type-post","status-publish","format-standard","has-post-thumbnail","hentry","category-ekonomi"],"_links":{"self":[{"href":"https:\/\/www.egemtv.com\/index.php?rest_route=\/wp\/v2\/posts\/66985","targetHints":{"allow":["GET"]}}],"collection":[{"href":"https:\/\/www.egemtv.com\/index.php?rest_route=\/wp\/v2\/posts"}],"about":[{"href":"https:\/\/www.egemtv.com\/index.php?rest_route=\/wp\/v2\/types\/post"}],"author":[{"embeddable":true,"href":"https:\/\/www.egemtv.com\/index.php?rest_route=\/wp\/v2\/users\/1"}],"replies":[{"embeddable":true,"href":"https:\/\/www.egemtv.com\/index.php?rest_route=%2Fwp%2Fv2%2Fcomments&post=66985"}],"version-history":[{"count":1,"href":"https:\/\/www.egemtv.com\/index.php?rest_route=\/wp\/v2\/posts\/66985\/revisions"}],"predecessor-version":[{"id":66987,"href":"https:\/\/www.egemtv.com\/index.php?rest_route=\/wp\/v2\/posts\/66985\/revisions\/66987"}],"wp:featuredmedia":[{"embeddable":true,"href":"https:\/\/www.egemtv.com\/index.php?rest_route=\/wp\/v2\/media\/66986"}],"wp:attachment":[{"href":"https:\/\/www.egemtv.com\/index.php?rest_route=%2Fwp%2Fv2%2Fmedia&parent=66985"}],"wp:term":[{"taxonomy":"category","embeddable":true,"href":"https:\/\/www.egemtv.com\/index.php?rest_route=%2Fwp%2Fv2%2Fcategories&post=66985"},{"taxonomy":"post_tag","embeddable":true,"href":"https:\/\/www.egemtv.com\/index.php?rest_route=%2Fwp%2Fv2%2Ftags&post=66985"}],"curies":[{"name":"wp","href":"https:\/\/api.w.org\/{rel}","templated":true}]}}