{"id":66970,"date":"2025-11-10T14:55:34","date_gmt":"2025-11-10T11:55:34","guid":{"rendered":"https:\/\/www.egemtv.com\/?p=66970"},"modified":"2025-11-10T14:55:35","modified_gmt":"2025-11-10T11:55:35","slug":"muglada-ataturke-saygi-genclik-kosusu-gerceklesti","status":"publish","type":"post","link":"https:\/\/www.egemtv.com\/?p=66970","title":{"rendered":"Mu\u011fla\u2019da \u2018Atat\u00fcrk\u2019e Sayg\u0131 Gen\u00e7lik Ko\u015fusu\u2019 ger\u00e7ekle\u015fti"},"content":{"rendered":"<p>Mu\u011fla\u2019da, Mu\u011fla S\u0131tk\u0131 Ko\u00e7man \u00dcniversitesi (MSK\u00dc) Sa\u011fl\u0131k, K\u00fclt\u00fcr ve Spor Daire Ba\u015fkanl\u0131\u011f\u0131 taraf\u0131ndan \u2018Atat\u00fcrk\u2019e Sayg\u0131 Gen\u00e7lik 32. Yol Ko\u015fusu\u2019 d\u00fczenlendi.<br \/>\n<br \/>MSK\u00dc taraf\u0131ndan her y\u0131l geleneksel olarak ger\u00e7ekle\u015ftirilen \u2018Atat\u00fcrk\u2019e Sayg\u0131 Gen\u00e7lik Yol Ko\u015fusu\u2019, bu y\u0131l 6 \u00fcniversiteden 325 sporcunun kat\u0131l\u0131m\u0131yla yap\u0131ld\u0131. Mu\u011fla\u2019n\u0131n Mente\u015fe il\u00e7esi Yenik\u00f6y Mahallesi\u2019nde, Mu\u011fla Valisi Dr. \u0130dris Akb\u0131y\u0131k\u2019\u0131n start\u0131yla ba\u015flayan yar\u0131\u015fta kad\u0131nlar ve veteranlar 4 bin metre, erkekler ise 7 bin metre ko\u015ftu.<br \/>\n<br \/>Mu\u011fla S\u0131tk\u0131 Ko\u00e7man \u00dcniversitesi yerle\u015fkesinde ger\u00e7ekle\u015fen ve stadyumda sona eren yar\u0131\u015fta kat\u0131l\u0131mc\u0131lar k\u0131yas\u0131ya m\u00fccadele etti. Yar\u0131\u015fmada dereceye giren sporculara d\u00fczenlenen t\u00f6renle madalyalar\u0131 takdim edildi.<br \/>\n<br \/>Kad\u0131nlarda Fatma Ta\u015ftatl\u0131 birinci, Anna Kantarm\u0131\u015f ikinci, Merve Sura \u00d6zt\u00fcrk \u00fc\u00e7\u00fcnc\u00fc oldu.<br \/>\n<br \/>Erkeklerde ise Koray Korkut birincili\u011fi elde ederken, Emre Sevin\u00e7 ikinci, Ahmet Erg\u00fcng\u00f6r \u00fc\u00e7\u00fcnc\u00fc s\u0131rada yer ald\u0131.<br \/>\n<br \/>Ayr\u0131ca yar\u0131\u015flarda veteran ya\u015f gruplar\u0131nda ko\u015fan sporculara ve dereceye girenlere \u00f6d\u00fclleri, Rekt\u00f6r Prof. Dr. Turhan Ka\u00e7ar ve akademik personel taraf\u0131ndan verildi.<br \/><\/p>\n","protected":false},"excerpt":{"rendered":"<p>Mu\u011fla\u2019da, Mu\u011fla S\u0131tk\u0131 Ko\u00e7man \u00dcniversitesi (MSK\u00dc) Sa\u011fl\u0131k, K\u00fclt\u00fcr ve Spor Daire Ba\u015fkanl\u0131\u011f\u0131 taraf\u0131ndan \u2018Atat\u00fcrk\u2019e Sayg\u0131 Gen\u00e7lik 32. Yol Ko\u015fusu\u2019 d\u00fczenlendi. MSK\u00dc taraf\u0131ndan her y\u0131l geleneksel olarak ger\u00e7ekle\u015ftirilen \u2018Atat\u00fcrk\u2019e Sayg\u0131 Gen\u00e7lik Yol Ko\u015fusu\u2019, bu y\u0131l 6 \u00fcniversiteden 325 sporcunun kat\u0131l\u0131m\u0131yla yap\u0131ld\u0131. Mu\u011fla\u2019n\u0131n Mente\u015fe il\u00e7esi Yenik\u00f6y Mahallesi\u2019nde, Mu\u011fla Valisi Dr. \u0130dris Akb\u0131y\u0131k\u2019\u0131n start\u0131yla ba\u015flayan yar\u0131\u015fta kad\u0131nlar ve&#8230;<\/p>\n","protected":false},"author":1,"featured_media":66971,"comment_status":"open","ping_status":"open","sticky":false,"template":"","format":"standard","meta":{"_crdt_document":"","footnotes":""},"categories":[4],"tags":[],"class_list":["post-66970","post","type-post","status-publish","format-standard","has-post-thumbnail","hentry","category-spor"],"_links":{"self":[{"href":"https:\/\/www.egemtv.com\/index.php?rest_route=\/wp\/v2\/posts\/66970","targetHints":{"allow":["GET"]}}],"collection":[{"href":"https:\/\/www.egemtv.com\/index.php?rest_route=\/wp\/v2\/posts"}],"about":[{"href":"https:\/\/www.egemtv.com\/index.php?rest_route=\/wp\/v2\/types\/post"}],"author":[{"embeddable":true,"href":"https:\/\/www.egemtv.com\/index.php?rest_route=\/wp\/v2\/users\/1"}],"replies":[{"embeddable":true,"href":"https:\/\/www.egemtv.com\/index.php?rest_route=%2Fwp%2Fv2%2Fcomments&post=66970"}],"version-history":[{"count":1,"href":"https:\/\/www.egemtv.com\/index.php?rest_route=\/wp\/v2\/posts\/66970\/revisions"}],"predecessor-version":[{"id":66972,"href":"https:\/\/www.egemtv.com\/index.php?rest_route=\/wp\/v2\/posts\/66970\/revisions\/66972"}],"wp:featuredmedia":[{"embeddable":true,"href":"https:\/\/www.egemtv.com\/index.php?rest_route=\/wp\/v2\/media\/66971"}],"wp:attachment":[{"href":"https:\/\/www.egemtv.com\/index.php?rest_route=%2Fwp%2Fv2%2Fmedia&parent=66970"}],"wp:term":[{"taxonomy":"category","embeddable":true,"href":"https:\/\/www.egemtv.com\/index.php?rest_route=%2Fwp%2Fv2%2Fcategories&post=66970"},{"taxonomy":"post_tag","embeddable":true,"href":"https:\/\/www.egemtv.com\/index.php?rest_route=%2Fwp%2Fv2%2Ftags&post=66970"}],"curies":[{"name":"wp","href":"https:\/\/api.w.org\/{rel}","templated":true}]}}