{"id":66967,"date":"2025-11-10T14:55:33","date_gmt":"2025-11-10T11:55:33","guid":{"rendered":"https:\/\/www.egemtv.com\/?p=66967"},"modified":"2025-11-10T14:55:34","modified_gmt":"2025-11-10T11:55:34","slug":"bodrumda-ataturk-anildi","status":"publish","type":"post","link":"https:\/\/www.egemtv.com\/?p=66967","title":{"rendered":"Bodrum\u2019da Atat\u00fcrk an\u0131ld\u0131"},"content":{"rendered":"<p>Gazi Mustafa Kemal Atat\u00fcrk\u2019\u00fcn ebediyete intikal edi\u015finin 87. y\u0131l\u0131nda, Bodrum\u2019da bir dizi anma program\u0131 d\u00fczenlendi.<\/p>\n<p>10 Kas\u0131m Atat\u00fcrk\u2019\u00fc Anma G\u00fcn\u00fc kapsam\u0131nda Bodrum Belediye Meydan\u0131\u2019nda ger\u00e7ekle\u015ftirilen program yo\u011fun kat\u0131l\u0131mla ger\u00e7ekle\u015fti. Programa Bodrum Kaymakam\u0131 Ali S\u0131rmal\u0131, Bodrum Garnizon Komutan\u0131 Per. Alb. Ayhan Uluta\u015f, Bodrum Belediye Ba\u015fkan\u0131 Tamer Mandalinci, Cumhuriyet Ba\u015fsavc\u0131 Vekili Sezgin K\u0131l\u0131cc\u0131, kurum amirleri, siyasi parti ve sivil toplum kurulu\u015flar\u0131n\u0131n temsilcileri, belediye meclis \u00fcyeleri, ba\u015fkan yard\u0131mc\u0131lar\u0131 ile belediye personeli, gaziler, \u00f6\u011frenciler, bas\u0131n mensuplar\u0131 ve \u00e7ok say\u0131da vatanda\u015f kat\u0131ld\u0131.<\/p>\n<p>Anma program\u0131 kaymakaml\u0131k, garnizon komutanl\u0131\u011f\u0131 ve belediye ba\u015fkanl\u0131\u011f\u0131n\u0131n Atat\u00fcrk An\u0131t\u0131\u2019na \u00e7elenk sunmas\u0131yla ba\u015flad\u0131. Saat 09.05\u2019te sirenler e\u015fli\u011finde yap\u0131lan sayg\u0131 duru\u015funun ard\u0131ndan \u0130stiklal Mar\u015f\u0131\u2019n\u0131n okunmas\u0131yla Belediye Meydan\u0131\u2019ndaki t\u00f6ren sona erdi.<\/p>\n<p>Bodrum \u0130l\u00e7e Milli E\u011fitim M\u00fcd\u00fcrl\u00fc\u011f\u00fc koordinasyonunda, \u015eehit Mahmut Co\u015fkunsu Ortaokulu ve \u00d6zel Turgutreis U\u011fur Ortaokulu taraf\u0131ndan Herodot K\u00fclt\u00fcr Merkezi\u2019nde 10 Kas\u0131m Atat\u00fcrk\u2019\u00fc Anma Program\u0131 d\u00fczenlendi. Anma program\u0131na il\u00e7e protokol\u00fc, \u00f6\u011frenciler, \u00f6\u011fretmenler ve vatanda\u015flar kat\u0131ld\u0131. Program, sayg\u0131 duru\u015funun ard\u0131ndan \u0130stiklal Mar\u015f\u0131\u2019n\u0131n okunmas\u0131yla ba\u015flad\u0131.<\/p>\n<p>Anma program\u0131, \u015eehit Mahmut Co\u015fkunsu Ortaokulu M\u00fcd\u00fcr\u00fc Raziye G\u00fcner\u2019in ve Bodrum Kaymakam\u0131 Ali S\u0131rmal\u0131\u2019n\u0131n g\u00fcn\u00fcn anlam ve \u00f6nemine ili\u015fkin konu\u015fmalar\u0131yla devam etti. Duygu dolu anlar\u0131n ya\u015fand\u0131\u011f\u0131 program, \u00f6d\u00fcl t\u00f6reninin ard\u0131ndan \u015eehit Mahmut Co\u015fkunsu Ortaokulu ve \u00d6zel Turgutreis U\u011fur Ortaokulu \u00f6\u011frencileri taraf\u0131ndan haz\u0131rlanan &#8220;Ata\u2019ya Veda, Sonsuz Sayg\u0131&#8221; adl\u0131 g\u00f6steriyle sona erdi.<br \/><\/p>\n","protected":false},"excerpt":{"rendered":"<p>Gazi Mustafa Kemal Atat\u00fcrk\u2019\u00fcn ebediyete intikal edi\u015finin 87. y\u0131l\u0131nda, Bodrum\u2019da bir dizi anma program\u0131 d\u00fczenlendi. 10 Kas\u0131m Atat\u00fcrk\u2019\u00fc Anma G\u00fcn\u00fc kapsam\u0131nda Bodrum Belediye Meydan\u0131\u2019nda ger\u00e7ekle\u015ftirilen program yo\u011fun kat\u0131l\u0131mla ger\u00e7ekle\u015fti. Programa Bodrum Kaymakam\u0131 Ali S\u0131rmal\u0131, Bodrum Garnizon Komutan\u0131 Per. Alb. Ayhan Uluta\u015f, Bodrum Belediye Ba\u015fkan\u0131 Tamer Mandalinci, Cumhuriyet Ba\u015fsavc\u0131 Vekili Sezgin K\u0131l\u0131cc\u0131, kurum amirleri, siyasi parti&#8230;<\/p>\n","protected":false},"author":1,"featured_media":66968,"comment_status":"open","ping_status":"open","sticky":false,"template":"","format":"standard","meta":{"_crdt_document":"","footnotes":""},"categories":[1],"tags":[],"class_list":["post-66967","post","type-post","status-publish","format-standard","has-post-thumbnail","hentry","category-guncel"],"_links":{"self":[{"href":"https:\/\/www.egemtv.com\/index.php?rest_route=\/wp\/v2\/posts\/66967","targetHints":{"allow":["GET"]}}],"collection":[{"href":"https:\/\/www.egemtv.com\/index.php?rest_route=\/wp\/v2\/posts"}],"about":[{"href":"https:\/\/www.egemtv.com\/index.php?rest_route=\/wp\/v2\/types\/post"}],"author":[{"embeddable":true,"href":"https:\/\/www.egemtv.com\/index.php?rest_route=\/wp\/v2\/users\/1"}],"replies":[{"embeddable":true,"href":"https:\/\/www.egemtv.com\/index.php?rest_route=%2Fwp%2Fv2%2Fcomments&post=66967"}],"version-history":[{"count":1,"href":"https:\/\/www.egemtv.com\/index.php?rest_route=\/wp\/v2\/posts\/66967\/revisions"}],"predecessor-version":[{"id":66969,"href":"https:\/\/www.egemtv.com\/index.php?rest_route=\/wp\/v2\/posts\/66967\/revisions\/66969"}],"wp:featuredmedia":[{"embeddable":true,"href":"https:\/\/www.egemtv.com\/index.php?rest_route=\/wp\/v2\/media\/66968"}],"wp:attachment":[{"href":"https:\/\/www.egemtv.com\/index.php?rest_route=%2Fwp%2Fv2%2Fmedia&parent=66967"}],"wp:term":[{"taxonomy":"category","embeddable":true,"href":"https:\/\/www.egemtv.com\/index.php?rest_route=%2Fwp%2Fv2%2Fcategories&post=66967"},{"taxonomy":"post_tag","embeddable":true,"href":"https:\/\/www.egemtv.com\/index.php?rest_route=%2Fwp%2Fv2%2Ftags&post=66967"}],"curies":[{"name":"wp","href":"https:\/\/api.w.org\/{rel}","templated":true}]}}