{"id":66964,"date":"2025-11-10T14:34:44","date_gmt":"2025-11-10T11:34:44","guid":{"rendered":"https:\/\/www.egemtv.com\/?p=66964"},"modified":"2025-11-10T14:34:44","modified_gmt":"2025-11-10T11:34:44","slug":"baskan-arslan-ataturk-kahramanligi-ve-ileri-gorusuyle-bizlere-rehber-oldu","status":"publish","type":"post","link":"https:\/\/www.egemtv.com\/?p=66964","title":{"rendered":"Ba\u015fkan Arslan; &#8220;Atat\u00fcrk kahramanl\u0131\u011f\u0131 ve ileri g\u00f6r\u00fc\u015f\u00fcyle bizlere rehber oldu&#8221;"},"content":{"rendered":"<p>DEN\u0130ZL\u0130 (\u0130HA) \u2013 Denizli\u2019nin \u00c7ameli il\u00e7esinde T\u00fcrkiye Cumhuriyetinin kurucusu Gazi Mustafa Kemal\u2019in ebediyete intikalinin 87. y\u0131ld\u00f6n\u00fcm\u00fc kapsam\u0131nda d\u00fczenlenen anma t\u00f6renlerinde duygusal anlar ya\u015fand\u0131.<\/p>\n<p>10 Kas\u0131m Atat\u00fcrk\u2019\u00fc 10 Kas\u0131m Atat\u00fcrk\u2019\u00fc Anma G\u00fcn\u00fc ve Atat\u00fcrk Haftas\u0131 kapsam\u0131nda, \u00c7ameli Atat\u00fcrk Ortaokulu taraf\u0131ndan haz\u0131rlanan anma etkinli\u011fi, \u00c7ameli Belediyesi Konferans Salonunda ger\u00e7ekle\u015ftirildi. Program Ulu \u00d6nder Gazi Mustafa Kemal Atat\u00fcrk, silah arkada\u015flar\u0131 ve t\u00fcm \u015fehitlerimizin manevi huzurunda iki dakikal\u0131k sayg\u0131 duru\u015fu ve ard\u0131ndan \u0130stiklal Mar\u015f\u0131\u2019n\u0131n okunmas\u0131yla ba\u015flad\u0131. Programa \u0130l\u00e7e Kaymakam\u0131 Mustafa \u00c7elik, \u00c7ameli Belediye Ba\u015fkan\u0131 Cengiz Arslan, il\u00e7e protokol\u00fc, vatanda\u015flar ve \u00f6\u011frenciler kat\u0131ld\u0131.<\/p>\n<p>G\u00fcn\u00fcn anlam ve \u00f6nemini belirten konu\u015fman\u0131n ard\u0131ndan &#8220;D\u00fcnya Liderlerinin Atat\u00fcrk Hakk\u0131nda S\u00f6yledikleri&#8221; ve &#8220;Atat\u00fcrk Hakk\u0131nda Az Bilinenler&#8221; adl\u0131 g\u00f6steriler sahnelendi. Program, Atat\u00fcrk\u2019\u00fcn hayat\u0131n\u0131 anlatan oratoryo g\u00f6sterisiyle devam etti. 10 Kas\u0131m Atat\u00fcrk Haftas\u0131 dolay\u0131s\u0131yla il\u00e7emizde d\u00fczenlenen yar\u0131\u015fmalarda dereceye giren \u00f6\u011frencilere \u00f6d\u00fclleri protokol \u00fcyeleri taraf\u0131ndan takdim edildi.<\/p>\n<p>Programda konu\u015fan Ba\u015fkan Arslan, &#8220;Kahramanl\u0131\u011f\u0131, ileri g\u00f6r\u00fc\u015fl\u00fcl\u00fc\u011f\u00fc, cesareti ve fedakarl\u0131\u011f\u0131yla bizlere rehber olan Cumhuriyetimizin kurucusu Gazi Mustafa Kemal Atat\u00fcrk\u2019\u00fc, silah arkada\u015flar\u0131n\u0131 ve vatan u\u011fruna can veren t\u00fcm \u015fehitlerimizi sayg\u0131, \u00f6zlem ve minnetle an\u0131yoruz&#8221; dedi.<br \/><\/p>\n","protected":false},"excerpt":{"rendered":"<p>DEN\u0130ZL\u0130 (\u0130HA) \u2013 Denizli\u2019nin \u00c7ameli il\u00e7esinde T\u00fcrkiye Cumhuriyetinin kurucusu Gazi Mustafa Kemal\u2019in ebediyete intikalinin 87. y\u0131ld\u00f6n\u00fcm\u00fc kapsam\u0131nda d\u00fczenlenen anma t\u00f6renlerinde duygusal anlar ya\u015fand\u0131. 10 Kas\u0131m Atat\u00fcrk\u2019\u00fc 10 Kas\u0131m Atat\u00fcrk\u2019\u00fc Anma G\u00fcn\u00fc ve Atat\u00fcrk Haftas\u0131 kapsam\u0131nda, \u00c7ameli Atat\u00fcrk Ortaokulu taraf\u0131ndan haz\u0131rlanan anma etkinli\u011fi, \u00c7ameli Belediyesi Konferans Salonunda ger\u00e7ekle\u015ftirildi. Program Ulu \u00d6nder Gazi Mustafa Kemal Atat\u00fcrk, silah&#8230;<\/p>\n","protected":false},"author":1,"featured_media":66965,"comment_status":"open","ping_status":"open","sticky":false,"template":"","format":"standard","meta":{"_crdt_document":"","footnotes":""},"categories":[127],"tags":[],"class_list":["post-66964","post","type-post","status-publish","format-standard","has-post-thumbnail","hentry","category-siyaset"],"_links":{"self":[{"href":"https:\/\/www.egemtv.com\/index.php?rest_route=\/wp\/v2\/posts\/66964","targetHints":{"allow":["GET"]}}],"collection":[{"href":"https:\/\/www.egemtv.com\/index.php?rest_route=\/wp\/v2\/posts"}],"about":[{"href":"https:\/\/www.egemtv.com\/index.php?rest_route=\/wp\/v2\/types\/post"}],"author":[{"embeddable":true,"href":"https:\/\/www.egemtv.com\/index.php?rest_route=\/wp\/v2\/users\/1"}],"replies":[{"embeddable":true,"href":"https:\/\/www.egemtv.com\/index.php?rest_route=%2Fwp%2Fv2%2Fcomments&post=66964"}],"version-history":[{"count":1,"href":"https:\/\/www.egemtv.com\/index.php?rest_route=\/wp\/v2\/posts\/66964\/revisions"}],"predecessor-version":[{"id":66966,"href":"https:\/\/www.egemtv.com\/index.php?rest_route=\/wp\/v2\/posts\/66964\/revisions\/66966"}],"wp:featuredmedia":[{"embeddable":true,"href":"https:\/\/www.egemtv.com\/index.php?rest_route=\/wp\/v2\/media\/66965"}],"wp:attachment":[{"href":"https:\/\/www.egemtv.com\/index.php?rest_route=%2Fwp%2Fv2%2Fmedia&parent=66964"}],"wp:term":[{"taxonomy":"category","embeddable":true,"href":"https:\/\/www.egemtv.com\/index.php?rest_route=%2Fwp%2Fv2%2Fcategories&post=66964"},{"taxonomy":"post_tag","embeddable":true,"href":"https:\/\/www.egemtv.com\/index.php?rest_route=%2Fwp%2Fv2%2Ftags&post=66964"}],"curies":[{"name":"wp","href":"https:\/\/api.w.org\/{rel}","templated":true}]}}