{"id":6686,"date":"2025-01-11T09:47:26","date_gmt":"2025-01-11T06:47:26","guid":{"rendered":"https:\/\/www.egemtv.com\/?p=6686"},"modified":"2025-01-11T09:47:32","modified_gmt":"2025-01-11T06:47:32","slug":"muglaya-iki-yeni-nefes-alani","status":"publish","type":"post","link":"https:\/\/www.egemtv.com\/?p=6686","title":{"rendered":"Mu\u011fla\u2019ya iki yeni nefes alan\u0131"},"content":{"rendered":"<p>Mu\u011fla\u2019n\u0131n 13 il\u00e7esinde sa\u011fl\u0131ktan ula\u015f\u0131ma, yollardan k\u00fclt\u00fcr merkezlerine yat\u0131r\u0131mlar\u0131na devam eden B\u00fcy\u00fck\u015fehir Belediyesi ailelerin \u00e7ocuklar\u0131 ile vakit ge\u00e7irece\u011fi ye\u015fil alan ve parklar\u0131n yap\u0131m\u0131na devam ediyor. B\u00fcy\u00fck\u015fehir Belediyesi Cengiz Bekta\u015f Kent Belle\u011fi yan\u0131ndaki biri 8 bin 300 metrekare di\u011feri 5 bin 673 metrekare olan iki arazisine farkl\u0131 \u00f6zelliklerde iki yeni park yap\u0131yor. Planlanan \u00e7al\u0131\u015fmalar ile yakla\u015f\u0131k 14 bin metrekare alanda ailelerin \u00e7ocuklar\u0131 ile keyifli vakit ge\u00e7irece\u011fi, \u00e7ocuklar\u0131n birlikte oynayabilece\u011fi farkl\u0131 \u00f6zelliklerde iki park daha vatanda\u015flar\u0131n hizmetine sunulacak.<br \/>\n<br \/>Mu\u011fla B\u00fcy\u00fck\u015fehir Belediyesi\u2019nin ilk olarak planlad\u0131\u011f\u0131 park Cengiz Bekta\u015f Kent Belle\u011fi AVM\u2019ler taraf\u0131nda 8 bin 300 metrekarelik arazi \u00fczerine yap\u0131lacak. AVM\u2019ler taraf\u0131nda bulunan park alan\u0131nda \u00e7ocuk oyun gruplar\u0131, oturma alanlar\u0131, bitki heykelleri ve dinlenme alanlar\u0131 olacak.<br \/>\n<br \/>B\u00fcy\u00fck\u015fehir Belediyesi\u2019nin Cengiz Bekta\u015f Kent Belle\u011fi B\u00f6lge Trafik Kav\u015fa\u011f\u0131 taraf\u0131ndaki 5673 metrekare arazi \u00fczerinde planlad\u0131\u011f\u0131 park alan\u0131 ise Mu\u011fla haritas\u0131 \u015feklinde Mu\u011fla\u2019n\u0131n 13 il\u00e7esinin bulundu\u011fu ve 13 il\u00e7enin \u00f6nemli tarihi yap\u0131lar\u0131n\u0131n, k\u00fclt\u00fcr varl\u0131klar\u0131n\u0131n minyat\u00fcr olarak yer alaca\u011f\u0131 Mini Mu\u011fla Temal\u0131 Park Alan\u0131 olacak. Parka gelen vatanda\u015flar\u0131n Mu\u011fla\u2019n\u0131n tarihi yerlerini bir alanda topluca g\u00f6rebilmesi ve \u00e7ocuk park alan\u0131nda birlikte keyifli zaman ge\u00e7irmesi hedefleniyor.<br \/>\n<br \/>Ba\u015fkan Aras; \u201c\u00c7ocuklar\u0131m\u0131z e\u011flenecek, aileleri ile keyifli vakit ge\u00e7irecek\u201d<br \/>\n<br \/>Mu\u011fla B\u00fcy\u00fck\u015fehir Belediye Ba\u015fkan\u0131 Ahmet Aras do\u011fal g\u00fczellikleri ile korunmas\u0131 gereken bir \u015fehir olan Mu\u011fla\u2019ya iki yeni ya\u015fam alan\u0131 kazand\u0131rmak i\u00e7in kollar\u0131 s\u0131vad\u0131klar\u0131n\u0131 s\u00f6yledi ve bu ya\u015fam alanlar\u0131nda \u00e7ocuklar\u0131n aileleri, akranlar\u0131 ile keyifli vakit ge\u00e7ireceklerini belirtti. Ba\u015fkan Aras; \u201cBir \u015fehri planlarken yollar\u0131ndan yerle\u015fim alanlar\u0131na, sa\u011fl\u0131k kurulu\u015flar\u0131ndan ye\u015fil alanlar\u0131na kadar her ayr\u0131nt\u0131 d\u00fc\u015f\u00fcn\u00fclmeli ve \u00f6zellikle son y\u0131llarda artan n\u00fcfusa g\u00f6re hem\u015fehrilerimizin aileleri ile nefes alaca\u011f\u0131 alanlara daha fazla \u00f6nem verilmelidir. B\u00fcy\u00fck\u015fehir Belediyesi olarak vatanda\u015flar\u0131m\u0131z i\u00e7in bir\u00e7ok hizmeti hayata ge\u00e7irirken ye\u015fil alanlara, parklara yani nefes ald\u0131ran ya\u015fam alanlar\u0131na daha fazla \u00f6nem veriyoruz. Mente\u015fe il\u00e7emizde toplam 14 bin metrekare arazi \u00fczerinde iki alanda farkl\u0131 \u00f6zelliklerde iki yeni ya\u015fam alan\u0131 yap\u0131yoruz. Mu\u011fla\u2019m\u0131z\u0131n tarihi zenginliklerini de yans\u0131tacak park\u0131m\u0131zda \u00e7ocuklar e\u011flenirken \u00f6\u011frenecek, aileler de keyifli vakit ge\u00e7irecek\u201d dedi.<br \/>\n<br \/><img fetchpriority=\"high\" decoding=\"async\" width=\"1280\" height=\"719\" src=\"https:\/\/www.egemtv.com\/wp-content\/uploads\/2025\/01\/muglaya-iki-yeni-nefes-alani_e8f4e0f06a96.jpg\" class=\"attachment-full size-full not-transparent\" alt=\"\" data-has-transparency=\"false\" data-dominant-color=\"a06e65\" style=\"--dominant-color: #a06e65\" \/><img decoding=\"async\" width=\"1280\" height=\"718\" src=\"https:\/\/www.egemtv.com\/wp-content\/uploads\/2025\/01\/muglaya-iki-yeni-nefes-alani_7c0787e2a850.jpg\" class=\"attachment-full size-full not-transparent\" alt=\"\" data-has-transparency=\"false\" data-dominant-color=\"8a9691\" style=\"--dominant-color: #8a9691\" \/><img decoding=\"async\" width=\"1280\" height=\"719\" src=\"https:\/\/www.egemtv.com\/wp-content\/uploads\/2025\/01\/muglaya-iki-yeni-nefes-alani_38fd93203f5d.jpg\" class=\"attachment-full size-full not-transparent\" alt=\"\" data-has-transparency=\"false\" data-dominant-color=\"7e7f78\" style=\"--dominant-color: #7e7f78\" \/><\/p>\n","protected":false},"excerpt":{"rendered":"<p>Mu\u011fla\u2019n\u0131n 13 il\u00e7esinde sa\u011fl\u0131ktan ula\u015f\u0131ma, yollardan k\u00fclt\u00fcr merkezlerine yat\u0131r\u0131mlar\u0131na devam eden B\u00fcy\u00fck\u015fehir Belediyesi ailelerin \u00e7ocuklar\u0131 ile vakit ge\u00e7irece\u011fi ye\u015fil alan ve parklar\u0131n yap\u0131m\u0131na devam ediyor. B\u00fcy\u00fck\u015fehir Belediyesi Cengiz Bekta\u015f Kent Belle\u011fi yan\u0131ndaki biri 8 bin 300 metrekare di\u011feri 5 bin 673 metrekare olan iki arazisine farkl\u0131 \u00f6zelliklerde iki yeni park yap\u0131yor. Planlanan \u00e7al\u0131\u015fmalar ile yakla\u015f\u0131k&#8230;<\/p>\n","protected":false},"author":1,"featured_media":6687,"comment_status":"open","ping_status":"open","sticky":false,"template":"","format":"standard","meta":{"_crdt_document":"","footnotes":""},"categories":[1],"tags":[],"class_list":["post-6686","post","type-post","status-publish","format-standard","has-post-thumbnail","hentry","category-guncel"],"_links":{"self":[{"href":"https:\/\/www.egemtv.com\/index.php?rest_route=\/wp\/v2\/posts\/6686","targetHints":{"allow":["GET"]}}],"collection":[{"href":"https:\/\/www.egemtv.com\/index.php?rest_route=\/wp\/v2\/posts"}],"about":[{"href":"https:\/\/www.egemtv.com\/index.php?rest_route=\/wp\/v2\/types\/post"}],"author":[{"embeddable":true,"href":"https:\/\/www.egemtv.com\/index.php?rest_route=\/wp\/v2\/users\/1"}],"replies":[{"embeddable":true,"href":"https:\/\/www.egemtv.com\/index.php?rest_route=%2Fwp%2Fv2%2Fcomments&post=6686"}],"version-history":[{"count":1,"href":"https:\/\/www.egemtv.com\/index.php?rest_route=\/wp\/v2\/posts\/6686\/revisions"}],"predecessor-version":[{"id":6691,"href":"https:\/\/www.egemtv.com\/index.php?rest_route=\/wp\/v2\/posts\/6686\/revisions\/6691"}],"wp:featuredmedia":[{"embeddable":true,"href":"https:\/\/www.egemtv.com\/index.php?rest_route=\/wp\/v2\/media\/6687"}],"wp:attachment":[{"href":"https:\/\/www.egemtv.com\/index.php?rest_route=%2Fwp%2Fv2%2Fmedia&parent=6686"}],"wp:term":[{"taxonomy":"category","embeddable":true,"href":"https:\/\/www.egemtv.com\/index.php?rest_route=%2Fwp%2Fv2%2Fcategories&post=6686"},{"taxonomy":"post_tag","embeddable":true,"href":"https:\/\/www.egemtv.com\/index.php?rest_route=%2Fwp%2Fv2%2Ftags&post=6686"}],"curies":[{"name":"wp","href":"https:\/\/api.w.org\/{rel}","templated":true}]}}