{"id":6680,"date":"2025-01-11T09:20:45","date_gmt":"2025-01-11T06:20:45","guid":{"rendered":"https:\/\/www.egemtv.com\/?p=6680"},"modified":"2025-01-11T09:20:51","modified_gmt":"2025-01-11T06:20:51","slug":"kadin-girisimciler-icin-guclerini-birlestirdiler","status":"publish","type":"post","link":"https:\/\/www.egemtv.com\/?p=6680","title":{"rendered":"Kad\u0131n giri\u015fimciler i\u00e7in g\u00fc\u00e7lerini birle\u015ftirdiler"},"content":{"rendered":"<p>T\u00fcrkiye Kad\u0131n Giri\u015fimci Akademisi\u2019nin yeni e\u011fitim program\u0131, Denizli Ticaret Odas\u0131\u2019nda (DTO) ba\u015flat\u0131ld\u0131. 31 Ocak\u2019a kadar devam edecek e\u011fitimlerle, kad\u0131n giri\u015fimcilerin y\u00f6netim becerilerini ve kapasitelerini art\u0131r\u0131lmalar\u0131, i\u015f hayat\u0131ndaki varl\u0131klar\u0131n\u0131 g\u00fc\u00e7lendirerek kal\u0131c\u0131 ve s\u00fcrd\u00fcr\u00fclebilir k\u0131lmalar\u0131 ama\u00e7lan\u0131yor.<br \/>\n<br \/>Garanti BBVA ile Bo\u011fazi\u00e7i \u00dcniversitesi Ya\u015famboyu E\u011fitim Merkezi\u2019nin (B\u00dcYEM) birlikte hayata ge\u00e7irdi\u011fi T\u00fcrkiye Kad\u0131n Giri\u015fimci Akademisi\u2019nin yeni e\u011fitim program\u0131n\u0131n ilk aya\u011f\u0131, DTO ve T\u00fcrkiye Odalar ve Borsalar Birli\u011fi (TOBB) Denizli \u0130l Kad\u0131n Giri\u015fimciler Kurulu i\u015f birli\u011fi ile ger\u00e7ekle\u015ftiriliyor. DTO Konferans Salonu\u2019ndaki ilk e\u011fitimi, Bo\u011fazi\u00e7i \u00dcniversitesi Ya\u015famboyu E\u011fitim Merkezi Proje Koordinat\u00f6r\u00fc ve Bo\u011fazi\u00e7i \u00dcniversitesi \u00d6\u011fr. G\u00f6r. Soner \u015eahan verdi.<br \/>\n<br \/>Kat\u0131l\u0131mc\u0131lara proje hakk\u0131nda ayr\u0131nt\u0131l\u0131 bilgiler aktaran \u015eahan, \u201cT\u00fcrkiye Kad\u0131n Giri\u015fimci Akademisi e\u011fitimlerimiz bug\u00fcne kadar 48 ilde ger\u00e7ekle\u015ftirildi, bunlar\u0131n ikisi Denizli\u2019de idi. Denizli\u2019yi ekip olarak \u00e7ok seviyoruz. Denizli ile sadece bu programla tan\u0131\u015fmad\u0131k. Turizm sekt\u00f6r\u00fc ile \u015firketlerin orta ve \u00fcst d\u00fczey y\u00f6neticilerine y\u00f6nelik e\u011fitimlerimiz de oldu. O e\u011fitimlerde de Denizli Ticaret Odas\u0131 bize \u00e7ok fazla destek oldu, huzurunuzda te\u015fekk\u00fcr ediyorum. Bu kez de yine bize salonlar\u0131n\u0131 a\u00e7t\u0131lar, her t\u00fcrl\u00fc deste\u011fi sa\u011fl\u0131yorlar. Amac\u0131m\u0131z sizlere katma de\u011fer sa\u011flamak. Bir ad\u0131m daha ileri gitmeniz bizi mutlu ediyor. Bizler; deneyimli ve belli bir seviyeye gelmi\u015f i\u015fletme doktorlar\u0131y\u0131z. \u0130\u015fletmelerin ba\u015f\u0131 a\u011fr\u0131yor hatta baz\u0131 i\u015fletmeler kanser olmu\u015f ama doktora g\u00f6t\u00fcrm\u00fcyorlar, oysaki g\u00f6t\u00fcrmek laz\u0131m. Kendi kendimize sa\u011fdan soldan duydu\u011fumuz kocakar\u0131 ila\u00e7lar\u0131yla, bu i\u015fletmeleri iyile\u015ftirme \u00e7al\u0131\u015fmalar\u0131 i\u00e7erisine giriyoruz. Hatta bir de \u2018Bana ne anlatabilir ki?\u2019 mant\u0131\u011f\u0131yla hareket edip, \u00e7ok bilmi\u015flik tasl\u0131yoruz. Ben ayn\u0131 zamanda y\u00f6netim dan\u0131\u015fman\u0131y\u0131m. \u00c7ok fazla firmaya girip \u00e7\u0131k\u0131yorum; yani \u2018o kadar \u00e7ok hastayla ile birlikteyim ki\u2019 i\u015fte bu t\u00fcr derslerde bu tecr\u00fcbeleri sizlere aktar\u0131yorum. Sizin ba\u015f\u0131n\u0131za gelmesin diye de \u00f6rnekler veriyoruz. Dost ac\u0131 s\u00f6yleyecek ama derdimiz sizleri bu konuda uyand\u0131rmak\u201d dedi.<\/p>\n<p>E\u011fitimlerin bir k\u0131sm\u0131 online olacak<br \/>\n<br \/>31 Ocak\u2019a kadar devam edecek olan 37 saatlik etkinlik, Bo\u011fazi\u00e7i \u00dcniversitesi e\u011fitmenleri ve profesyoneller taraf\u0131ndan DTO Konferans Salonu\u2019nda y\u00fcz y\u00fcze veya online olarak uzaktan e\u011fitimle ger\u00e7ekle\u015ftirilecek. Dijital pazarlama, insan kaynaklar\u0131, m\u00fc\u015fteri deneyimi, kurum i\u00e7i ileti\u015fim, e-ticaret i\u00e7in sosyal medya ileti\u015fimi, \u015firket y\u00f6netimine finansal bak\u0131\u015f, liderlik, s\u00fcrd\u00fcr\u00fclebilir \u015firket y\u00f6netimi, yenilik\u00e7i i\u015f modelleri geli\u015ftirme, temel ticaret hukuku ve ticari s\u00f6zle\u015fmeler gibi alanlara odaklan\u0131lacak. Giri\u015fimcilerin ihtiya\u00e7 duydu\u011fu bilgi birikimini art\u0131rmay\u0131 hedefleyen e\u011fitimleri ba\u015far\u0131yla tamamlayan kad\u0131n giri\u015fimciler, B\u00dcYEM taraf\u0131ndan d\u00fczenlenen sertifikalar\u0131 alacaklar.<br \/>\n<br \/>E\u011fitim program\u0131, ikinci g\u00fcn de Bo\u011fazi\u00e7i \u00dcniversitesi Emekli \u00d6\u011fretim \u00dcyesi Prof. Dr. B\u00fclent Himmeto\u011flu\u2019nun \u201c\u0130\u015f D\u00fcnyas\u0131ndaki Liderlik Stilleri: Bizim \u015eirketimiz \u0130\u00e7in Uygun Olan Hangisi?\u201d konulu sunumuyla devam etti. Prof. Dr. Himmeto\u011flu, bir sonraki g\u00fcn ise \u201c\u015eirketlerin \u0130yilik Halini Koruyabilmek\u201d ba\u015fl\u0131\u011f\u0131 alt\u0131nda \u00e7e\u015fitli uyar\u0131larda bulundu ve ipu\u00e7lar\u0131 verdi.<\/p>\n<p>\u201cKad\u0131n giri\u015fimcilerimizin say\u0131s\u0131n\u0131n ve rekabet g\u00fcc\u00fcn\u00fcn artmas\u0131n\u0131 istiyoruz\u201d<br \/>\n<br \/>DTO Y\u00f6netim Kurulu Ba\u015fkan\u0131 U\u011fur Erdo\u011fan, kad\u0131n giri\u015fimcilerin i\u015f hayat\u0131nda daha aktif yer almalar\u0131 i\u00e7in var g\u00fc\u00e7leriyle her t\u00fcrl\u00fc deste\u011fi verdiklerini s\u00f6yledi. Ba\u015fkan Erdo\u011fan, &#8220;Odam\u0131za kay\u0131tl\u0131 ger\u00e7ek ki\u015fi firma sahibi kad\u0131n giri\u015fimcilerimizin say\u0131s\u0131 681\u2019e ula\u015ft\u0131. \u015eirket yetkilisi kad\u0131n giri\u015fimci say\u0131m\u0131z 2 bin 364; \u015firket orta\u011f\u0131 kad\u0131n giri\u015fimci say\u0131m\u0131z ise 3 bin 619. Oda olarak, biz bu say\u0131lar\u0131 daha da art\u0131rmak istiyoruz. Bunun i\u00e7in de var g\u00fcc\u00fcm\u00fczle \u00e7al\u0131\u015f\u0131yoruz. Toplumun temel ta\u015f\u0131 olarak g\u00f6rd\u00fc\u011f\u00fcm\u00fcz kad\u0131nlar\u0131m\u0131z\u0131n, i\u015f d\u00fcnyas\u0131n\u0131n da ana akt\u00f6rleri olmas\u0131 gerekti\u011fini d\u00fc\u015f\u00fcn\u00fcyoruz. Oda olarak bug\u00fcne kadar 140 farkl\u0131 ba\u015fl\u0131kta ger\u00e7ekle\u015ftirdi\u011fimiz sekt\u00f6rel, mesleki ve ki\u015fisel geli\u015fim e\u011fitimlerimizden 11 bin 500 vatanda\u015f\u0131m\u0131z faydaland\u0131. B\u00dcYEM ile daha \u00f6nce de yo\u011fun bir kat\u0131l\u0131mla Kad\u0131n Giri\u015fimci Y\u00f6netici Okulu, Turizm El\u00e7ileri ve K\u0131z karde\u015fim Projelerimizi de ger\u00e7ekle\u015ftirmi\u015ftik. Bu yeni e\u011fitimimiz ile de bu birlikteli\u011fi s\u00fcrd\u00fcr\u00fcyoruz. Herkes i\u00e7in hay\u0131rl\u0131 ve u\u011furlu olsun&#8221; dedi.<br \/>\n<br \/><img fetchpriority=\"high\" decoding=\"async\" width=\"1280\" height=\"738\" src=\"https:\/\/www.egemtv.com\/wp-content\/uploads\/2025\/01\/kadin-girisimciler-icin-guclerini-birlestirdiler_853491c82792.jpg\" class=\"attachment-full size-full not-transparent\" alt=\"\" data-has-transparency=\"false\" data-dominant-color=\"726769\" style=\"--dominant-color: #726769\" \/><img decoding=\"async\" width=\"1280\" height=\"853\" src=\"https:\/\/www.egemtv.com\/wp-content\/uploads\/2025\/01\/kadin-girisimciler-icin-guclerini-birlestirdiler_8663a8e923be.jpg\" class=\"attachment-full size-full not-transparent\" alt=\"\" data-has-transparency=\"false\" data-dominant-color=\"979292\" style=\"--dominant-color: #979292\" \/><img decoding=\"async\" width=\"1280\" height=\"703\" src=\"https:\/\/www.egemtv.com\/wp-content\/uploads\/2025\/01\/kadin-girisimciler-icin-guclerini-birlestirdiler_f292d6d340e3.jpg\" class=\"attachment-full size-full not-transparent\" alt=\"\" data-has-transparency=\"false\" data-dominant-color=\"665450\" style=\"--dominant-color: #665450\" \/><\/p>\n","protected":false},"excerpt":{"rendered":"<p>T\u00fcrkiye Kad\u0131n Giri\u015fimci Akademisi\u2019nin yeni e\u011fitim program\u0131, Denizli Ticaret Odas\u0131\u2019nda (DTO) ba\u015flat\u0131ld\u0131. 31 Ocak\u2019a kadar devam edecek e\u011fitimlerle, kad\u0131n giri\u015fimcilerin y\u00f6netim becerilerini ve kapasitelerini art\u0131r\u0131lmalar\u0131, i\u015f hayat\u0131ndaki varl\u0131klar\u0131n\u0131 g\u00fc\u00e7lendirerek kal\u0131c\u0131 ve s\u00fcrd\u00fcr\u00fclebilir k\u0131lmalar\u0131 ama\u00e7lan\u0131yor. Garanti BBVA ile Bo\u011fazi\u00e7i \u00dcniversitesi Ya\u015famboyu E\u011fitim Merkezi\u2019nin (B\u00dcYEM) birlikte hayata ge\u00e7irdi\u011fi T\u00fcrkiye Kad\u0131n Giri\u015fimci Akademisi\u2019nin yeni e\u011fitim program\u0131n\u0131n ilk aya\u011f\u0131,&#8230;<\/p>\n","protected":false},"author":1,"featured_media":6681,"comment_status":"open","ping_status":"open","sticky":false,"template":"","format":"standard","meta":{"_crdt_document":"","footnotes":""},"categories":[125],"tags":[],"class_list":["post-6680","post","type-post","status-publish","format-standard","has-post-thumbnail","hentry","category-ekonomi"],"_links":{"self":[{"href":"https:\/\/www.egemtv.com\/index.php?rest_route=\/wp\/v2\/posts\/6680","targetHints":{"allow":["GET"]}}],"collection":[{"href":"https:\/\/www.egemtv.com\/index.php?rest_route=\/wp\/v2\/posts"}],"about":[{"href":"https:\/\/www.egemtv.com\/index.php?rest_route=\/wp\/v2\/types\/post"}],"author":[{"embeddable":true,"href":"https:\/\/www.egemtv.com\/index.php?rest_route=\/wp\/v2\/users\/1"}],"replies":[{"embeddable":true,"href":"https:\/\/www.egemtv.com\/index.php?rest_route=%2Fwp%2Fv2%2Fcomments&post=6680"}],"version-history":[{"count":1,"href":"https:\/\/www.egemtv.com\/index.php?rest_route=\/wp\/v2\/posts\/6680\/revisions"}],"predecessor-version":[{"id":6685,"href":"https:\/\/www.egemtv.com\/index.php?rest_route=\/wp\/v2\/posts\/6680\/revisions\/6685"}],"wp:featuredmedia":[{"embeddable":true,"href":"https:\/\/www.egemtv.com\/index.php?rest_route=\/wp\/v2\/media\/6681"}],"wp:attachment":[{"href":"https:\/\/www.egemtv.com\/index.php?rest_route=%2Fwp%2Fv2%2Fmedia&parent=6680"}],"wp:term":[{"taxonomy":"category","embeddable":true,"href":"https:\/\/www.egemtv.com\/index.php?rest_route=%2Fwp%2Fv2%2Fcategories&post=6680"},{"taxonomy":"post_tag","embeddable":true,"href":"https:\/\/www.egemtv.com\/index.php?rest_route=%2Fwp%2Fv2%2Ftags&post=6680"}],"curies":[{"name":"wp","href":"https:\/\/api.w.org\/{rel}","templated":true}]}}