{"id":6674,"date":"2025-01-11T09:20:39","date_gmt":"2025-01-11T06:20:39","guid":{"rendered":"https:\/\/www.egemtv.com\/?p=6674"},"modified":"2025-01-11T09:20:45","modified_gmt":"2025-01-11T06:20:45","slug":"gizli-servistenim-yalaniyla-1-milyon-dolandiran-sahte-komiser-istanbuldaki-luks-rezidansta-yakalandi","status":"publish","type":"post","link":"https:\/\/www.egemtv.com\/?p=6674","title":{"rendered":"\u2019Gizli servistenim\u2019 yalan\u0131yla 1 milyon doland\u0131ran sahte komiser \u0130stanbul\u2019daki l\u00fcks rezidansta yakaland\u0131"},"content":{"rendered":"<p>DEN\u0130ZL\u0130 (\u0130HA) \u2013 Denizli\u2019de kendisini &#8220;gizli servisten Komiser Kenan&#8221; olarak tan\u0131tan ve bilgilerinin ter\u00f6ristlerin eline ge\u00e7ti\u011fi yalan\u0131yla ya\u015fl\u0131 adam\u0131 1 milyon lira doland\u0131ran \u015f\u00fcpheli, \u0130stanbul\u2019da sakland\u0131\u011f\u0131 l\u00fcks rezidansta yakaland\u0131. Y\u00fcz\u00fcn\u00fc tamamen gizlemesine ra\u011fmen JASAT dedektiflerinden ka\u00e7mayan \u015f\u00fcphelinin benzer su\u00e7lardan kayd\u0131 ortaya \u00e7\u0131kt\u0131.<br \/>\n<br \/>24 Aral\u0131k tarihinde Denizli\u2019nin \u00c7ardak il\u00e7esine ba\u011fl\u0131 S\u00f6\u011f\u00fct Mahallesi\u2019nde ikamet eden 73 ya\u015f\u0131ndaki H.H.T.\u2019ye telefonla ula\u015fan \u015f\u00fcpheli, kendisini \u201cGizli istihbarat servisinden Komiser Kenan\u201d olarak tan\u0131tt\u0131. \u015e\u00fcpheli, g\u00fcvenini kazand\u0131\u011f\u0131 ya\u015fl\u0131 adam\u0131 ki\u015fisel verilerinin ve tapu bilgilerinin ter\u00f6ristlerin eline ge\u00e7ti\u011fini, evinde bulunan paralar ve ziynet e\u015fyalar\u0131n\u0131 koruma alt\u0131na al\u0131nabilmeleri i\u00e7in kendisine vermesi gerekti\u011fini s\u00f6yleyerek kand\u0131rd\u0131. Kendisinden yakla\u015f\u0131k 1 milyon T\u00fcrk Liras\u0131 de\u011ferinde para ve ziynet e\u015fyas\u0131n\u0131 alan \u015f\u00fcpheliden bir daha haber alamayan H.H.T., doland\u0131r\u0131ld\u0131\u011f\u0131n\u0131 anlay\u0131nca durumu jandarmaya ihbar etti.<br \/>\n<br \/>Jandarman\u0131n dedektifleri olan Jandarma Su\u00e7 Ara\u015ft\u0131rma Timi (JASAT) ve \u00c7ardak \u0130l\u00e7e Jandarma Komutanl\u0131\u011f\u0131 ekiplerince yap\u0131lan detayl\u0131 ve \u0131srarl\u0131 \u00e7al\u0131\u015fmalar neticesinde ya\u015fl\u0131 adam\u0131 doland\u0131ran \u015f\u00fcphelinin 24 ya\u015f\u0131ndaki H\u00fcseyin K. oldu\u011fu belirlendi. \u00c7ardak Cumhuriyet Ba\u015fsavc\u0131l\u0131\u011f\u0131 koordinesinde doland\u0131r\u0131c\u0131l\u0131k olay\u0131n\u0131 ger\u00e7ekle\u015ftiren H\u00fcseyin K.\u2019nin yakalanmas\u0131 i\u00e7in harekete ge\u00e7en jandarma ekipleri, yap\u0131lan ba\u015far\u0131l\u0131 operasyon sonucunda \u015f\u00fcpheliyi \u0130stanbul\u2019da sakland\u0131\u011f\u0131 l\u00fcks rezidansta k\u0131sk\u0131vrak yakalad\u0131. G\u00f6zalt\u0131na al\u0131narak Denizli\u2019ye getirilen \u015f\u00fcpheli H.K.\u2019nin adresinde yap\u0131lan aramada su\u00e7a konu 4 adet cep telefonu, 1 dolar, 20 avro ve 4 bin 14 T\u00fcrk liras\u0131 ele ge\u00e7irildi.<\/p>\n<p>Y\u00fcz\u00fcn\u00fc tamamen gizlese de JASAT\u2019tan ka\u00e7mad\u0131<br \/>\n<br \/>\u015e\u00fcpheli jandarmadaki ifadesinin ard\u0131ndan adli makamlara sevk edildi. &#8220;Bili\u015fim Sistemleri Banka veya Kredi Kurumlar\u0131n\u0131n Ara\u00e7 Olarak Kullan\u0131lmas\u0131 Suretiyle Doland\u0131r\u0131c\u0131l\u0131k&#8221; su\u00e7lar\u0131ndan 3 ayr\u0131 kayd\u0131 ortaya \u00e7\u0131kan H\u00fcseyin K., sevk edildi\u011fi adli makamlarca tutuklanarak cezaevine g\u00f6nderildi. K\u0131rsal mahallede ger\u00e7ekle\u015fen doland\u0131r\u0131c\u0131l\u0131k olay\u0131nda, \u015f\u00fcphelinin yakalanmamak i\u00e7in kap\u00fc\u015fon takt\u0131\u011f\u0131, her \u015fekilde y\u00fcz\u00fcn\u00fc gizlemeye \u00e7al\u0131\u015fmas\u0131na ra\u011fmen JASAT dedektiflerinin samanl\u0131kta i\u011fne arar gibi yapt\u0131\u011f\u0131 \u00e7al\u0131\u015fmayla kimlik tespitinin yap\u0131ld\u0131\u011f\u0131 ve \u0130stanbul\u2019da yap\u0131lan takip sonucu yakaland\u0131\u011f\u0131 belirtildi.<br \/>\n<br \/>\u00d6te yandan Denizli \u0130l Jandarma Komutanl\u0131\u011f\u0131 sorumluluk b\u00f6lgesinde meydana gelen bu t\u00fcr doland\u0131r\u0131c\u0131l\u0131k olaylar\u0131n\u0131n tamam\u0131n\u0131n ayd\u0131nlat\u0131ld\u0131\u011f\u0131, hi\u00e7bir faili me\u00e7hul doland\u0131r\u0131c\u0131l\u0131k olay\u0131n\u0131n kalmad\u0131\u011f\u0131, t\u00fcm \u015f\u00fcphelilerin en k\u0131sa s\u00fcrede yakalanarak adli makamlara teslim edildi\u011fi ifade edildi.<br \/>\n<br \/><img fetchpriority=\"high\" decoding=\"async\" width=\"1280\" height=\"1243\" src=\"https:\/\/www.egemtv.com\/wp-content\/uploads\/2025\/01\/gizli-servistenim-yalaniyla-1-milyon-dolandiran-sahte-komiser-istanbuldaki-luks-rezidansta-yakalandi_c5de4ad9ea61.jpg\" class=\"attachment-full size-full not-transparent\" alt=\"\" data-has-transparency=\"false\" data-dominant-color=\"afa8a4\" style=\"--dominant-color: #afa8a4\" \/><img decoding=\"async\" width=\"943\" height=\"918\" src=\"https:\/\/www.egemtv.com\/wp-content\/uploads\/2025\/01\/gizli-servistenim-yalaniyla-1-milyon-dolandiran-sahte-komiser-istanbuldaki-luks-rezidansta-yakalandi_21543dac10a2.jpg\" class=\"attachment-full size-full not-transparent\" alt=\"\" data-has-transparency=\"false\" data-dominant-color=\"858d8a\" style=\"--dominant-color: #858d8a\" \/><img decoding=\"async\" width=\"1280\" height=\"1280\" src=\"https:\/\/www.egemtv.com\/wp-content\/uploads\/2025\/01\/gizli-servistenim-yalaniyla-1-milyon-dolandiran-sahte-komiser-istanbuldaki-luks-rezidansta-yakalandi_34dc608e9e9a.jpg\" class=\"attachment-full size-full not-transparent\" alt=\"\" data-has-transparency=\"false\" data-dominant-color=\"a49f9e\" style=\"--dominant-color: #a49f9e\" \/><\/p>\n","protected":false},"excerpt":{"rendered":"<p>DEN\u0130ZL\u0130 (\u0130HA) \u2013 Denizli\u2019de kendisini &#8220;gizli servisten Komiser Kenan&#8221; olarak tan\u0131tan ve bilgilerinin ter\u00f6ristlerin eline ge\u00e7ti\u011fi yalan\u0131yla ya\u015fl\u0131 adam\u0131 1 milyon lira doland\u0131ran \u015f\u00fcpheli, \u0130stanbul\u2019da sakland\u0131\u011f\u0131 l\u00fcks rezidansta yakaland\u0131. Y\u00fcz\u00fcn\u00fc tamamen gizlemesine ra\u011fmen JASAT dedektiflerinden ka\u00e7mayan \u015f\u00fcphelinin benzer su\u00e7lardan kayd\u0131 ortaya \u00e7\u0131kt\u0131. 24 Aral\u0131k tarihinde Denizli\u2019nin \u00c7ardak il\u00e7esine ba\u011fl\u0131 S\u00f6\u011f\u00fct Mahallesi\u2019nde ikamet eden 73 ya\u015f\u0131ndaki&#8230;<\/p>\n","protected":false},"author":1,"featured_media":6675,"comment_status":"open","ping_status":"open","sticky":false,"template":"","format":"standard","meta":{"_crdt_document":"","footnotes":""},"categories":[5],"tags":[],"class_list":["post-6674","post","type-post","status-publish","format-standard","has-post-thumbnail","hentry","category-asayis"],"_links":{"self":[{"href":"https:\/\/www.egemtv.com\/index.php?rest_route=\/wp\/v2\/posts\/6674","targetHints":{"allow":["GET"]}}],"collection":[{"href":"https:\/\/www.egemtv.com\/index.php?rest_route=\/wp\/v2\/posts"}],"about":[{"href":"https:\/\/www.egemtv.com\/index.php?rest_route=\/wp\/v2\/types\/post"}],"author":[{"embeddable":true,"href":"https:\/\/www.egemtv.com\/index.php?rest_route=\/wp\/v2\/users\/1"}],"replies":[{"embeddable":true,"href":"https:\/\/www.egemtv.com\/index.php?rest_route=%2Fwp%2Fv2%2Fcomments&post=6674"}],"version-history":[{"count":1,"href":"https:\/\/www.egemtv.com\/index.php?rest_route=\/wp\/v2\/posts\/6674\/revisions"}],"predecessor-version":[{"id":6679,"href":"https:\/\/www.egemtv.com\/index.php?rest_route=\/wp\/v2\/posts\/6674\/revisions\/6679"}],"wp:featuredmedia":[{"embeddable":true,"href":"https:\/\/www.egemtv.com\/index.php?rest_route=\/wp\/v2\/media\/6675"}],"wp:attachment":[{"href":"https:\/\/www.egemtv.com\/index.php?rest_route=%2Fwp%2Fv2%2Fmedia&parent=6674"}],"wp:term":[{"taxonomy":"category","embeddable":true,"href":"https:\/\/www.egemtv.com\/index.php?rest_route=%2Fwp%2Fv2%2Fcategories&post=6674"},{"taxonomy":"post_tag","embeddable":true,"href":"https:\/\/www.egemtv.com\/index.php?rest_route=%2Fwp%2Fv2%2Ftags&post=6674"}],"curies":[{"name":"wp","href":"https:\/\/api.w.org\/{rel}","templated":true}]}}