{"id":66705,"date":"2025-11-09T09:34:36","date_gmt":"2025-11-09T06:34:36","guid":{"rendered":"https:\/\/www.egemtv.com\/?p=66705"},"modified":"2025-11-09T09:34:36","modified_gmt":"2025-11-09T06:34:36","slug":"kutahyada-hafif-ticari-arac-ile-motosiklet-carpisti-1-yarali","status":"publish","type":"post","link":"https:\/\/www.egemtv.com\/?p=66705","title":{"rendered":"K\u00fctahya\u2019da hafif ticari ara\u00e7 ile motosiklet \u00e7arp\u0131\u015ft\u0131: 1 yaral\u0131"},"content":{"rendered":"<p>K\u00fctahya\u2019da hafif ticari ara\u00e7 ile motosikletin \u00e7arp\u0131\u015fmas\u0131 sonucu meydana gelen trafik kazas\u0131nda 1 ki\u015fi yaraland\u0131.<br \/>\n<br \/>Kaza, Lala H\u00fcseyin Pa\u015fa Mahallesi Beyza Sokak \u00fczerinde meydana geldi. Al\u0131nan bilgiye g\u00f6re, \u0130hsan E. idaresindeki 43 AFG 244 plakal\u0131 hafif ticari ara\u00e7 ile Ali C. y\u00f6netimindeki 43 AFB 566 plakal\u0131 motosikletle \u00e7arp\u0131\u015ft\u0131. Kazada motosiklet s\u00fcr\u00fcc\u00fcs\u00fc Ali C. yaraland\u0131.<br \/>\n<br \/>Yaral\u0131 s\u00fcr\u00fcc\u00fc, olay yerine gelen ambulansla K\u00fctahya \u015eehir Hastanesi\u2019ne kald\u0131r\u0131larak tedavi alt\u0131na al\u0131nd\u0131.<br \/><\/p>\n","protected":false},"excerpt":{"rendered":"<p>K\u00fctahya\u2019da hafif ticari ara\u00e7 ile motosikletin \u00e7arp\u0131\u015fmas\u0131 sonucu meydana gelen trafik kazas\u0131nda 1 ki\u015fi yaraland\u0131. Kaza, Lala H\u00fcseyin Pa\u015fa Mahallesi Beyza Sokak \u00fczerinde meydana geldi. Al\u0131nan bilgiye g\u00f6re, \u0130hsan E. idaresindeki 43 AFG 244 plakal\u0131 hafif ticari ara\u00e7 ile Ali C. y\u00f6netimindeki 43 AFB 566 plakal\u0131 motosikletle \u00e7arp\u0131\u015ft\u0131. Kazada motosiklet s\u00fcr\u00fcc\u00fcs\u00fc Ali C. yaraland\u0131. Yaral\u0131&#8230;<\/p>\n","protected":false},"author":1,"featured_media":66706,"comment_status":"open","ping_status":"open","sticky":false,"template":"","format":"standard","meta":{"_crdt_document":"","footnotes":""},"categories":[5],"tags":[],"class_list":["post-66705","post","type-post","status-publish","format-standard","has-post-thumbnail","hentry","category-asayis"],"_links":{"self":[{"href":"https:\/\/www.egemtv.com\/index.php?rest_route=\/wp\/v2\/posts\/66705","targetHints":{"allow":["GET"]}}],"collection":[{"href":"https:\/\/www.egemtv.com\/index.php?rest_route=\/wp\/v2\/posts"}],"about":[{"href":"https:\/\/www.egemtv.com\/index.php?rest_route=\/wp\/v2\/types\/post"}],"author":[{"embeddable":true,"href":"https:\/\/www.egemtv.com\/index.php?rest_route=\/wp\/v2\/users\/1"}],"replies":[{"embeddable":true,"href":"https:\/\/www.egemtv.com\/index.php?rest_route=%2Fwp%2Fv2%2Fcomments&post=66705"}],"version-history":[{"count":1,"href":"https:\/\/www.egemtv.com\/index.php?rest_route=\/wp\/v2\/posts\/66705\/revisions"}],"predecessor-version":[{"id":66707,"href":"https:\/\/www.egemtv.com\/index.php?rest_route=\/wp\/v2\/posts\/66705\/revisions\/66707"}],"wp:featuredmedia":[{"embeddable":true,"href":"https:\/\/www.egemtv.com\/index.php?rest_route=\/wp\/v2\/media\/66706"}],"wp:attachment":[{"href":"https:\/\/www.egemtv.com\/index.php?rest_route=%2Fwp%2Fv2%2Fmedia&parent=66705"}],"wp:term":[{"taxonomy":"category","embeddable":true,"href":"https:\/\/www.egemtv.com\/index.php?rest_route=%2Fwp%2Fv2%2Fcategories&post=66705"},{"taxonomy":"post_tag","embeddable":true,"href":"https:\/\/www.egemtv.com\/index.php?rest_route=%2Fwp%2Fv2%2Ftags&post=66705"}],"curies":[{"name":"wp","href":"https:\/\/api.w.org\/{rel}","templated":true}]}}