{"id":66702,"date":"2025-11-09T09:14:37","date_gmt":"2025-11-09T06:14:37","guid":{"rendered":"https:\/\/www.egemtv.com\/?p=66702"},"modified":"2025-11-09T09:14:38","modified_gmt":"2025-11-09T06:14:38","slug":"kutahyada-ozel-proje-uygulayan-okullar-degerlendirme-toplantisinda-bir-araya-geldi","status":"publish","type":"post","link":"https:\/\/www.egemtv.com\/?p=66702","title":{"rendered":"K\u00fctahya\u2019da \u00f6zel proje uygulayan okullar de\u011ferlendirme toplant\u0131s\u0131nda bir araya geldi"},"content":{"rendered":"<p>K\u00fctahya\u2019da \u00f6zel proje uygulayan okullar i\u00e7in de\u011ferlendirme toplant\u0131s\u0131 ger\u00e7ekle\u015ftirildi.<br \/>\n<br \/>\u00d6zel proje uygulayan orta\u00f6\u011fretim kurumlar\u0131n\u0131n ilk defa ve yeniden de\u011ferlendirme s\u00fcre\u00e7lerine y\u00f6nelik toplant\u0131 Necip Faz\u0131l K\u0131sak\u00fcrek Anadolu Lisesi ev sahipli\u011finde d\u00fczenlendi.<br \/>\n<br \/>\u0130l Milli E\u011fitim M\u00fcd\u00fcr\u00fc Mustafa Y\u0131lmaz\u2019\u0131n ba\u015fkanl\u0131\u011f\u0131nda yap\u0131lan toplant\u0131ya, \u0130l Milli E\u011fitim M\u00fcd\u00fcr Yard\u0131mc\u0131lar\u0131 Hakan G\u00f6lp\u0131nar ve Mustafa Topuz, \u015eube M\u00fcd\u00fcr\u00fc Bilal \u015een ile il genelindeki Orta\u00f6\u011fretim Genel M\u00fcd\u00fcrl\u00fc\u011f\u00fc ve Din \u00d6\u011fretimi Genel M\u00fcd\u00fcrl\u00fc\u011f\u00fcne ba\u011fl\u0131 &#8220;\u00d6zel Proje Uygulayan Okullar&#8221;\u0131n m\u00fcd\u00fcrleri kat\u0131ld\u0131. Program\u0131n a\u00e7\u0131l\u0131\u015f konu\u015fmas\u0131n\u0131 ger\u00e7ekle\u015ftiren Milli E\u011fitim M\u00fcd\u00fcr\u00fc Mustafa Y\u0131lmaz, toplant\u0131n\u0131n verimli olmas\u0131n\u0131 diledi.<br \/>\n<br \/>Toplant\u0131da, &#8220;\u00d6zel Proje Uygulayan Okullar K\u0131lavuzu&#8221; \u00e7er\u00e7evesinde de\u011ferlendirme s\u00fcre\u00e7leri ele al\u0131nd\u0131. Okullar\u0131n haz\u0131rlayaca\u011f\u0131 &#8220;\u00d6zel Proje Okulu Geli\u015fim Projeler&#8221;i ve &#8220;Okul \u00d6zel Projeleri&#8221; g\u00f6r\u00fc\u015f\u00fclerek, \u0130l De\u011ferlendirme Komisyonuna ve Bakanl\u0131\u011fa g\u00f6nderilmeden \u00f6nce fikir al\u0131\u015fveri\u015finde bulunuldu. Ayr\u0131ca, okullar\u0131n geli\u015fim ve ilerleme s\u00fcre\u00e7leri masaya yat\u0131r\u0131ld\u0131.<br \/>\n<br \/>Kat\u0131l\u0131mc\u0131lar, proje uygulamalar\u0131n\u0131n niteli\u011fini art\u0131rmak ve s\u00fcreci daha verimli hale getirmek ad\u0131na g\u00f6r\u00fc\u015f ve \u00f6nerilerini payla\u015ft\u0131. Toplant\u0131, kurumlar aras\u0131 i\u015f birli\u011fini g\u00fc\u00e7lendirmeyi ve proje s\u00fcre\u00e7lerini daha etkin y\u00f6netmeyi hedefliyor.<br \/><\/p>\n","protected":false},"excerpt":{"rendered":"<p>K\u00fctahya\u2019da \u00f6zel proje uygulayan okullar i\u00e7in de\u011ferlendirme toplant\u0131s\u0131 ger\u00e7ekle\u015ftirildi. \u00d6zel proje uygulayan orta\u00f6\u011fretim kurumlar\u0131n\u0131n ilk defa ve yeniden de\u011ferlendirme s\u00fcre\u00e7lerine y\u00f6nelik toplant\u0131 Necip Faz\u0131l K\u0131sak\u00fcrek Anadolu Lisesi ev sahipli\u011finde d\u00fczenlendi. \u0130l Milli E\u011fitim M\u00fcd\u00fcr\u00fc Mustafa Y\u0131lmaz\u2019\u0131n ba\u015fkanl\u0131\u011f\u0131nda yap\u0131lan toplant\u0131ya, \u0130l Milli E\u011fitim M\u00fcd\u00fcr Yard\u0131mc\u0131lar\u0131 Hakan G\u00f6lp\u0131nar ve Mustafa Topuz, \u015eube M\u00fcd\u00fcr\u00fc Bilal \u015een ile il&#8230;<\/p>\n","protected":false},"author":1,"featured_media":66703,"comment_status":"open","ping_status":"open","sticky":false,"template":"","format":"standard","meta":{"_crdt_document":"","footnotes":""},"categories":[1],"tags":[],"class_list":["post-66702","post","type-post","status-publish","format-standard","has-post-thumbnail","hentry","category-guncel"],"_links":{"self":[{"href":"https:\/\/www.egemtv.com\/index.php?rest_route=\/wp\/v2\/posts\/66702","targetHints":{"allow":["GET"]}}],"collection":[{"href":"https:\/\/www.egemtv.com\/index.php?rest_route=\/wp\/v2\/posts"}],"about":[{"href":"https:\/\/www.egemtv.com\/index.php?rest_route=\/wp\/v2\/types\/post"}],"author":[{"embeddable":true,"href":"https:\/\/www.egemtv.com\/index.php?rest_route=\/wp\/v2\/users\/1"}],"replies":[{"embeddable":true,"href":"https:\/\/www.egemtv.com\/index.php?rest_route=%2Fwp%2Fv2%2Fcomments&post=66702"}],"version-history":[{"count":1,"href":"https:\/\/www.egemtv.com\/index.php?rest_route=\/wp\/v2\/posts\/66702\/revisions"}],"predecessor-version":[{"id":66704,"href":"https:\/\/www.egemtv.com\/index.php?rest_route=\/wp\/v2\/posts\/66702\/revisions\/66704"}],"wp:featuredmedia":[{"embeddable":true,"href":"https:\/\/www.egemtv.com\/index.php?rest_route=\/wp\/v2\/media\/66703"}],"wp:attachment":[{"href":"https:\/\/www.egemtv.com\/index.php?rest_route=%2Fwp%2Fv2%2Fmedia&parent=66702"}],"wp:term":[{"taxonomy":"category","embeddable":true,"href":"https:\/\/www.egemtv.com\/index.php?rest_route=%2Fwp%2Fv2%2Fcategories&post=66702"},{"taxonomy":"post_tag","embeddable":true,"href":"https:\/\/www.egemtv.com\/index.php?rest_route=%2Fwp%2Fv2%2Ftags&post=66702"}],"curies":[{"name":"wp","href":"https:\/\/api.w.org\/{rel}","templated":true}]}}