{"id":66699,"date":"2025-11-09T09:14:36","date_gmt":"2025-11-09T06:14:36","guid":{"rendered":"https:\/\/www.egemtv.com\/?p=66699"},"modified":"2025-11-09T09:14:37","modified_gmt":"2025-11-09T06:14:37","slug":"cesmeli-ogrenciler-doga-dostu-etwinning-projesinde-bulustu","status":"publish","type":"post","link":"https:\/\/www.egemtv.com\/?p=66699","title":{"rendered":"\u00c7e\u015fmeli \u00f6\u011frenciler, do\u011fa dostu \u2019eTwinning\u2019 projesinde bulu\u015ftu"},"content":{"rendered":"<p>\u00c7e\u015fme Nam\u0131k Kemal \u0130lkokulu 4-B s\u0131n\u0131f\u0131 \u00f6\u011frencileri, s\u0131n\u0131f \u00f6\u011fretmenleri Zekiye I\u015f\u0131k rehberli\u011finde \u00e7evre bilincini art\u0131rmay\u0131 ama\u00e7layan do\u011fa temal\u0131 bir eTwinning projesine kat\u0131ld\u0131.<br \/>\n<br \/>&#8220;Hand in Hand for Nature \u2013 Do\u011fa \u0130\u00e7in El Ele&#8221; adl\u0131 uluslararas\u0131 proje kapsam\u0131nda \u00f6\u011frenciler, geri d\u00f6n\u00fc\u015f\u00fcm, do\u011fay\u0131 koruma ve s\u00fcrd\u00fcr\u00fclebilir ya\u015fam gibi konularda \u00e7e\u015fitli etkinlikler ger\u00e7ekle\u015ftiriyor.<br \/>\n<br \/>Proje s\u00fcrecinde farkl\u0131 \u00fclkelerden akranlar\u0131yla ileti\u015fim kuran minik \u00e7evreciler, hem \u00e7evre duyarl\u0131l\u0131klar\u0131n\u0131 geli\u015ftiriyor hem de do\u011faya kar\u015f\u0131 sorumluluk bilincini peki\u015ftiriyor.<br \/>\n<br \/>&#8220;Sevgiyle ba\u015flar, do\u011fayla ya\u015far\u0131z&#8221; slogan\u0131yla \u00e7al\u0131\u015fmalar\u0131n\u0131 s\u00fcrd\u00fcren \u00f6\u011frenciler, gelece\u011fe y\u00f6nelik umut verici bir \u00e7evre fark\u0131ndal\u0131\u011f\u0131 olu\u015fturuyor.<br \/><\/p>\n","protected":false},"excerpt":{"rendered":"<p>\u00c7e\u015fme Nam\u0131k Kemal \u0130lkokulu 4-B s\u0131n\u0131f\u0131 \u00f6\u011frencileri, s\u0131n\u0131f \u00f6\u011fretmenleri Zekiye I\u015f\u0131k rehberli\u011finde \u00e7evre bilincini art\u0131rmay\u0131 ama\u00e7layan do\u011fa temal\u0131 bir eTwinning projesine kat\u0131ld\u0131. &#8220;Hand in Hand for Nature \u2013 Do\u011fa \u0130\u00e7in El Ele&#8221; adl\u0131 uluslararas\u0131 proje kapsam\u0131nda \u00f6\u011frenciler, geri d\u00f6n\u00fc\u015f\u00fcm, do\u011fay\u0131 koruma ve s\u00fcrd\u00fcr\u00fclebilir ya\u015fam gibi konularda \u00e7e\u015fitli etkinlikler ger\u00e7ekle\u015ftiriyor. Proje s\u00fcrecinde farkl\u0131 \u00fclkelerden akranlar\u0131yla ileti\u015fim&#8230;<\/p>\n","protected":false},"author":1,"featured_media":66700,"comment_status":"open","ping_status":"open","sticky":false,"template":"","format":"standard","meta":{"_crdt_document":"","footnotes":""},"categories":[1],"tags":[],"class_list":["post-66699","post","type-post","status-publish","format-standard","has-post-thumbnail","hentry","category-guncel"],"_links":{"self":[{"href":"https:\/\/www.egemtv.com\/index.php?rest_route=\/wp\/v2\/posts\/66699","targetHints":{"allow":["GET"]}}],"collection":[{"href":"https:\/\/www.egemtv.com\/index.php?rest_route=\/wp\/v2\/posts"}],"about":[{"href":"https:\/\/www.egemtv.com\/index.php?rest_route=\/wp\/v2\/types\/post"}],"author":[{"embeddable":true,"href":"https:\/\/www.egemtv.com\/index.php?rest_route=\/wp\/v2\/users\/1"}],"replies":[{"embeddable":true,"href":"https:\/\/www.egemtv.com\/index.php?rest_route=%2Fwp%2Fv2%2Fcomments&post=66699"}],"version-history":[{"count":1,"href":"https:\/\/www.egemtv.com\/index.php?rest_route=\/wp\/v2\/posts\/66699\/revisions"}],"predecessor-version":[{"id":66701,"href":"https:\/\/www.egemtv.com\/index.php?rest_route=\/wp\/v2\/posts\/66699\/revisions\/66701"}],"wp:featuredmedia":[{"embeddable":true,"href":"https:\/\/www.egemtv.com\/index.php?rest_route=\/wp\/v2\/media\/66700"}],"wp:attachment":[{"href":"https:\/\/www.egemtv.com\/index.php?rest_route=%2Fwp%2Fv2%2Fmedia&parent=66699"}],"wp:term":[{"taxonomy":"category","embeddable":true,"href":"https:\/\/www.egemtv.com\/index.php?rest_route=%2Fwp%2Fv2%2Fcategories&post=66699"},{"taxonomy":"post_tag","embeddable":true,"href":"https:\/\/www.egemtv.com\/index.php?rest_route=%2Fwp%2Fv2%2Ftags&post=66699"}],"curies":[{"name":"wp","href":"https:\/\/api.w.org\/{rel}","templated":true}]}}