{"id":66696,"date":"2025-11-09T00:54:36","date_gmt":"2025-11-08T21:54:36","guid":{"rendered":"https:\/\/www.egemtv.com\/?p=66696"},"modified":"2025-11-09T00:54:37","modified_gmt":"2025-11-08T21:54:37","slug":"izmirde-cep-telefonu-aksesuar-magazasinda-yangin","status":"publish","type":"post","link":"https:\/\/www.egemtv.com\/?p=66696","title":{"rendered":"\u0130zmir\u2019de cep telefonu aksesuar ma\u011fazas\u0131nda yang\u0131n"},"content":{"rendered":"<p>\u0130zmir\u2019in Alia\u011fa il\u00e7esinde bir cep telefonu aksesuar ma\u011fazas\u0131nda \u00e7\u0131kan yang\u0131n, maddi hasara neden oldu.<br \/>\n<br \/>Yang\u0131n,  gece  saatlerinde  K\u00fclt\u00fcr Mahallesi 282  sokak  \u00fczerinde bulunan cep telefonu aksesuar sat\u0131\u015f\u0131 ma\u011fazas\u0131nda meydana geldi.<br \/>\n<br \/>Edinilen bilgiye g\u00f6re,  bir telefon cep telefonu aksesuar sat\u0131\u015f\u0131 ma\u011fazas\u0131nda hen\u00fcz belirlenemeyen sebeple yang\u0131n \u00e7\u0131kt\u0131. \u0130hbar \u00fczerine olay yerine sevk edilen \u0130zmir B\u00fcy\u00fck\u015fehir Belediyesi \u0130tfaiye ekipleri k\u0131sa s\u00fcrede m\u00fcdahale etti.<br \/>\n<br \/>\u0130tfaiye ekiplerinin \u00e7al\u0131\u015fmas\u0131yla yang\u0131n kontrol alt\u0131na al\u0131narak s\u00f6nd\u00fcr\u00fcld\u00fc.<br \/>\n<br \/>Olayda yaralanan olmazken, i\u015f yerinde maddi hasar meydana geldi. Yang\u0131n\u0131n \u00e7\u0131k\u0131\u015f nedenine ili\u015fkin inceleme ba\u015flat\u0131ld\u0131.<br \/>\n<br \/>\u00c7\u0131kan yang\u0131n sonucunda i\u015f yerinde maddi hasar\u0131n olu\u015ftu\u011fu \u00f6\u011frenildi.<\/p>\n","protected":false},"excerpt":{"rendered":"<p>\u0130zmir\u2019in Alia\u011fa il\u00e7esinde bir cep telefonu aksesuar ma\u011fazas\u0131nda \u00e7\u0131kan yang\u0131n, maddi hasara neden oldu. Yang\u0131n, gece saatlerinde K\u00fclt\u00fcr Mahallesi 282 sokak \u00fczerinde bulunan cep telefonu aksesuar sat\u0131\u015f\u0131 ma\u011fazas\u0131nda meydana geldi. Edinilen bilgiye g\u00f6re, bir telefon cep telefonu aksesuar sat\u0131\u015f\u0131 ma\u011fazas\u0131nda hen\u00fcz belirlenemeyen sebeple yang\u0131n \u00e7\u0131kt\u0131. \u0130hbar \u00fczerine olay yerine sevk edilen \u0130zmir B\u00fcy\u00fck\u015fehir Belediyesi \u0130tfaiye&#8230;<\/p>\n","protected":false},"author":1,"featured_media":66697,"comment_status":"open","ping_status":"open","sticky":false,"template":"","format":"standard","meta":{"_crdt_document":"","footnotes":""},"categories":[5],"tags":[],"class_list":["post-66696","post","type-post","status-publish","format-standard","has-post-thumbnail","hentry","category-asayis"],"_links":{"self":[{"href":"https:\/\/www.egemtv.com\/index.php?rest_route=\/wp\/v2\/posts\/66696","targetHints":{"allow":["GET"]}}],"collection":[{"href":"https:\/\/www.egemtv.com\/index.php?rest_route=\/wp\/v2\/posts"}],"about":[{"href":"https:\/\/www.egemtv.com\/index.php?rest_route=\/wp\/v2\/types\/post"}],"author":[{"embeddable":true,"href":"https:\/\/www.egemtv.com\/index.php?rest_route=\/wp\/v2\/users\/1"}],"replies":[{"embeddable":true,"href":"https:\/\/www.egemtv.com\/index.php?rest_route=%2Fwp%2Fv2%2Fcomments&post=66696"}],"version-history":[{"count":1,"href":"https:\/\/www.egemtv.com\/index.php?rest_route=\/wp\/v2\/posts\/66696\/revisions"}],"predecessor-version":[{"id":66698,"href":"https:\/\/www.egemtv.com\/index.php?rest_route=\/wp\/v2\/posts\/66696\/revisions\/66698"}],"wp:featuredmedia":[{"embeddable":true,"href":"https:\/\/www.egemtv.com\/index.php?rest_route=\/wp\/v2\/media\/66697"}],"wp:attachment":[{"href":"https:\/\/www.egemtv.com\/index.php?rest_route=%2Fwp%2Fv2%2Fmedia&parent=66696"}],"wp:term":[{"taxonomy":"category","embeddable":true,"href":"https:\/\/www.egemtv.com\/index.php?rest_route=%2Fwp%2Fv2%2Fcategories&post=66696"},{"taxonomy":"post_tag","embeddable":true,"href":"https:\/\/www.egemtv.com\/index.php?rest_route=%2Fwp%2Fv2%2Ftags&post=66696"}],"curies":[{"name":"wp","href":"https:\/\/api.w.org\/{rel}","templated":true}]}}