{"id":6667,"date":"2025-01-11T08:47:25","date_gmt":"2025-01-11T05:47:25","guid":{"rendered":"https:\/\/www.egemtv.com\/?p=6667"},"modified":"2025-01-11T08:47:32","modified_gmt":"2025-01-11T05:47:32","slug":"denizlide-8-yilda-587-bin-ceviz-fidani-dagitildi","status":"publish","type":"post","link":"https:\/\/www.egemtv.com\/?p=6667","title":{"rendered":"Denizli\u2019de 8 y\u0131lda 587 bin ceviz fidan\u0131 da\u011f\u0131t\u0131ld\u0131"},"content":{"rendered":"<p>DEN\u0130ZL\u0130 (\u0130HA) \u2013 Denizli\u2019de 2017 y\u0131l\u0131nda ba\u015flat\u0131lan \u201cCeviz \u00dcretim Alanlar\u0131n\u0131 Geli\u015ftirme\u201d projesi kapsam\u0131nda bug\u00fcne kadar 587 bin ceviz fidan\u0131n\u0131n \u00fcreticiyle bulu\u015fturuldu\u011fu a\u00e7\u0131kland\u0131.<\/p>\n<p>Denizli\u2019de 2017 y\u0131l\u0131nda ba\u015flat\u0131lan \u201cCeviz \u00dcretim Alanlar\u0131n\u0131 Geli\u015ftirme\u201d kapsam\u0131nda \u00fcreticiye ceviz fidan\u0131 da\u011f\u0131t\u0131m\u0131 s\u00fcr\u00fcyor. Projenin ba\u015flang\u0131c\u0131ndan bu yana ge\u00e7ti\u011fimiz y\u0131la kadar 536 bin ile rekor bir say\u0131ya ula\u015fan projede bu y\u0131l 51 bin ceviz fidan\u0131 \u00fcreticiyle bulu\u015fturuldu. Proje kapsam\u0131nda Denizli Hayvan Pazar\u0131nda 13 Aral\u0131k-20 Aral\u0131k 2024 ve 10 Ocak 2025 tarihlerinde 3 parti halinde 51 bin ceviz fidan\u0131 da\u011f\u0131t\u0131m\u0131 ger\u00e7ekle\u015ftirildi.<\/p>\n<p>\u201cCeviz \u00dcretim Alanlar\u0131n\u0131 Geli\u015ftirme\u201d kapsam\u0131nda 2017-2018 y\u0131llar\u0131 aras\u0131nda 20 bin adet ceviz fidan\u0131 6 il\u00e7eye, 2018-2019 y\u0131llar\u0131 aras\u0131nda 132 bin adet ceviz fidan\u0131 17 il\u00e7eye, 2019-2020 y\u0131llar\u0131 aras\u0131nda 181 bin adet ceviz fidan\u0131 18 il\u00e7eye, 2020-2021 y\u0131llar\u0131 aras\u0131nda 48 bin adet ceviz fidan\u0131 17 il\u00e7eye, 2021-2022 y\u0131llar\u0131 aras\u0131nda 42 bin adet ceviz fidan\u0131 17 il\u00e7eye, 2022-2023 y\u0131llar\u0131 aras\u0131nda 52 bin adet ceviz fidan\u0131 17 il\u00e7eye, 2023-2024 y\u0131llar\u0131 aras\u0131nda 61 bin adet ceviz fidan\u0131 17 il\u00e7eye, 2024-2025 y\u0131llar\u0131 aras\u0131nda 51 bin adet ceviz fidan\u0131 17 il\u00e7eye  olmak \u00fczere toplamda 587 bin adet chandler ve franquette (tozlay\u0131c\u0131) a\u015f\u0131l\u0131 ceviz fidan\u0131n\u0131n da\u011f\u0131t\u0131m\u0131 ger\u00e7ekle\u015ftirildi.<\/p>\n<p>587 bin ceviz fidan\u0131n\u0131 \u00fcreticiyle bulu\u015fturuldu<br \/>\n<br \/>Denizlili \u00fcreticilerin gelirinin art\u0131r\u0131lmas\u0131 amac\u0131yla ba\u015flat\u0131lan projeyle ilgili olarak yap\u0131lan a\u00e7\u0131klamada; \u201cProjenin 2017 y\u0131l\u0131nda ba\u015flay\u0131p 2022 y\u0131l\u0131na kadar be\u015f y\u0131l s\u00fcrmesi planlanm\u0131\u015f olup gelen talepler \u00fczerine 2023 ve 2024 \u00fcretim y\u0131llar\u0131nda da fidan da\u011f\u0131t\u0131m\u0131 devam etmi\u015ftir.  Proje kapsam\u0131nda 2017-2025 \u00fcretim y\u0131llar\u0131 aras\u0131nda Denizli ilimizde 18 il\u00e7ede 8 bin 512 \u00e7ift\u00e7imize 33 bin 276 dekar alana dikilmek \u00fczere 587 bin adet sertifikal\u0131 ceviz fidan\u0131 da\u011f\u0131t\u0131m\u0131 yap\u0131lm\u0131\u015ft\u0131r. Proje \u00f6ncesi ilimizde 2016 y\u0131l\u0131nda 48 bin 246 dekar toplam ceviz alan\u0131 mevcut iken, projenin katk\u0131s\u0131yla birlikte 2025 y\u0131l\u0131 itibariyle toplam ceviz alan\u0131 127 bin 771 dekara ula\u015fm\u0131\u015ft\u0131r. 2025 \u00fcretim y\u0131l\u0131nda 51 bin adet ceviz fidan\u0131n\u0131n 17 il\u00e7ede \u00fcreticimize da\u011f\u0131t\u0131m\u0131 yap\u0131ld\u0131. Birinci parti fidan da\u011f\u0131t\u0131m\u0131 Serinhisar, Ac\u0131payam, \u00c7ameli,  Kale, Beya\u011fa\u00e7 ve Pamukkale il\u00e7elerinde toplam 21 bin 500 adet, ikinci partide Tavas, \u00c7ardak, Bozkurt, Babada\u011f, Buldan ve G\u00fcney il\u00e7elerinde toplam 13 bin 100 adet, \u00fc\u00e7\u00fcnc\u00fc partide ise Honaz, Baklan, \u00c7ivril, \u00c7al ve Bekilli il\u00e7elerinde toplam 16 bin 400 adet ceviz fidan\u0131 da\u011f\u0131t\u0131m\u0131 ger\u00e7ekle\u015ftirilmi\u015ftir. Proje kapsam\u0131nda toplam 587 bin adet ceviz fidan\u0131 \u00fcreticiyle bulu\u015fturulmu\u015ftur. \u00dcreticilerimizin ihtiyac\u0131 do\u011frultusunda ceviz fidan\u0131 da\u011f\u0131t\u0131m\u0131n\u0131 s\u00fcrd\u00fcrece\u011fiz\u201d denildi.<br \/>\n<br \/><img fetchpriority=\"high\" decoding=\"async\" width=\"1280\" height=\"720\" src=\"https:\/\/www.egemtv.com\/wp-content\/uploads\/2025\/01\/denizlide-8-yilda-587-bin-ceviz-fidani-dagitildi_23d12eee2d59.jpg\" class=\"attachment-full size-full not-transparent\" alt=\"\" data-has-transparency=\"false\" data-dominant-color=\"7f767a\" style=\"--dominant-color: #7f767a\" \/><img decoding=\"async\" width=\"1280\" height=\"720\" src=\"https:\/\/www.egemtv.com\/wp-content\/uploads\/2025\/01\/denizlide-8-yilda-587-bin-ceviz-fidani-dagitildi_de6fdfc2efeb.jpg\" class=\"attachment-full size-full not-transparent\" alt=\"\" data-has-transparency=\"false\" data-dominant-color=\"83787a\" style=\"--dominant-color: #83787a\" \/><img decoding=\"async\" width=\"1280\" height=\"851\" src=\"https:\/\/www.egemtv.com\/wp-content\/uploads\/2025\/01\/denizlide-8-yilda-587-bin-ceviz-fidani-dagitildi_17aafc6634aa.jpg\" class=\"attachment-full size-full not-transparent\" alt=\"\" data-has-transparency=\"false\" data-dominant-color=\"8e827d\" style=\"--dominant-color: #8e827d\" \/><img loading=\"lazy\" decoding=\"async\" width=\"1280\" height=\"851\" src=\"https:\/\/www.egemtv.com\/wp-content\/uploads\/2025\/01\/denizlide-8-yilda-587-bin-ceviz-fidani-dagitildi_b6ec3bd5eeb3.jpg\" class=\"attachment-full size-full not-transparent\" alt=\"\" data-has-transparency=\"false\" data-dominant-color=\"8795a4\" style=\"--dominant-color: #8795a4\" \/><\/p>\n","protected":false},"excerpt":{"rendered":"<p>DEN\u0130ZL\u0130 (\u0130HA) \u2013 Denizli\u2019de 2017 y\u0131l\u0131nda ba\u015flat\u0131lan \u201cCeviz \u00dcretim Alanlar\u0131n\u0131 Geli\u015ftirme\u201d projesi kapsam\u0131nda bug\u00fcne kadar 587 bin ceviz fidan\u0131n\u0131n \u00fcreticiyle bulu\u015fturuldu\u011fu a\u00e7\u0131kland\u0131. Denizli\u2019de 2017 y\u0131l\u0131nda ba\u015flat\u0131lan \u201cCeviz \u00dcretim Alanlar\u0131n\u0131 Geli\u015ftirme\u201d kapsam\u0131nda \u00fcreticiye ceviz fidan\u0131 da\u011f\u0131t\u0131m\u0131 s\u00fcr\u00fcyor. Projenin ba\u015flang\u0131c\u0131ndan bu yana ge\u00e7ti\u011fimiz y\u0131la kadar 536 bin ile rekor bir say\u0131ya ula\u015fan projede bu y\u0131l 51 bin&#8230;<\/p>\n","protected":false},"author":1,"featured_media":6668,"comment_status":"open","ping_status":"open","sticky":false,"template":"","format":"standard","meta":{"_crdt_document":"","footnotes":""},"categories":[125],"tags":[],"class_list":["post-6667","post","type-post","status-publish","format-standard","has-post-thumbnail","hentry","category-ekonomi"],"_links":{"self":[{"href":"https:\/\/www.egemtv.com\/index.php?rest_route=\/wp\/v2\/posts\/6667","targetHints":{"allow":["GET"]}}],"collection":[{"href":"https:\/\/www.egemtv.com\/index.php?rest_route=\/wp\/v2\/posts"}],"about":[{"href":"https:\/\/www.egemtv.com\/index.php?rest_route=\/wp\/v2\/types\/post"}],"author":[{"embeddable":true,"href":"https:\/\/www.egemtv.com\/index.php?rest_route=\/wp\/v2\/users\/1"}],"replies":[{"embeddable":true,"href":"https:\/\/www.egemtv.com\/index.php?rest_route=%2Fwp%2Fv2%2Fcomments&post=6667"}],"version-history":[{"count":1,"href":"https:\/\/www.egemtv.com\/index.php?rest_route=\/wp\/v2\/posts\/6667\/revisions"}],"predecessor-version":[{"id":6673,"href":"https:\/\/www.egemtv.com\/index.php?rest_route=\/wp\/v2\/posts\/6667\/revisions\/6673"}],"wp:featuredmedia":[{"embeddable":true,"href":"https:\/\/www.egemtv.com\/index.php?rest_route=\/wp\/v2\/media\/6668"}],"wp:attachment":[{"href":"https:\/\/www.egemtv.com\/index.php?rest_route=%2Fwp%2Fv2%2Fmedia&parent=6667"}],"wp:term":[{"taxonomy":"category","embeddable":true,"href":"https:\/\/www.egemtv.com\/index.php?rest_route=%2Fwp%2Fv2%2Fcategories&post=6667"},{"taxonomy":"post_tag","embeddable":true,"href":"https:\/\/www.egemtv.com\/index.php?rest_route=%2Fwp%2Fv2%2Ftags&post=6667"}],"curies":[{"name":"wp","href":"https:\/\/api.w.org\/{rel}","templated":true}]}}