{"id":66663,"date":"2025-11-08T19:54:42","date_gmt":"2025-11-08T16:54:42","guid":{"rendered":"https:\/\/www.egemtv.com\/?p=66663"},"modified":"2025-11-08T19:54:42","modified_gmt":"2025-11-08T16:54:42","slug":"kutahyada-15-ogrenciye-tablet-destegi","status":"publish","type":"post","link":"https:\/\/www.egemtv.com\/?p=66663","title":{"rendered":"K\u00fctahya\u2019da 15 \u00f6\u011frenciye tablet deste\u011fi"},"content":{"rendered":"<p>K\u00fctahya\u2019da faaliyet g\u00f6steren K\u00fcresel Ara\u015ft\u0131rma D\u00fc\u015f\u00fcnce Merkezi (GRTC), Ara\u015ft\u0131rmac\u0131 \u00d6\u011frenci Program\u0131 kapsam\u0131nda 15 lisans ve lisans\u00fcst\u00fc \u00f6\u011frenciye saha \u00e7al\u0131\u015fmalar\u0131nda kullanmalar\u0131 i\u00e7in tablet hediye etti.<br \/>\n<br \/>GRTC\u2019de d\u00fczenlenen tablet da\u011f\u0131t\u0131m program\u0131na AK Parti K\u00fctahya milletvekilleri \u0130smail \u00c7a\u011flar Bay\u0131rc\u0131 ve Mehmet Demir de kat\u0131larak, \u00f6\u011frencilerle bir araya geldi Programda konu\u015fan GRTC yetkilileri, tabletlerin temininde destek sa\u011flayan hay\u0131rseverlere te\u015fekk\u00fcr ederek, programa kat\u0131l\u0131m g\u00f6steren milletvekillerine de minnettarl\u0131klar\u0131n\u0131 ifade etti.<br \/>\n<br \/>GRTC Ara\u015ft\u0131rmac\u0131 \u00d6\u011frenci Program\u0131 b\u00fcnyesindeki gen\u00e7ler, \u0130\u00e7i\u015fleri Bakanl\u0131\u011f\u0131 taraf\u0131ndan desteklenen &#8220;Sosyal Medya K\u0131skac\u0131nda Aile&#8221; projesinde de g\u00f6rev alacak.<br \/><\/p>\n","protected":false},"excerpt":{"rendered":"<p>K\u00fctahya\u2019da faaliyet g\u00f6steren K\u00fcresel Ara\u015ft\u0131rma D\u00fc\u015f\u00fcnce Merkezi (GRTC), Ara\u015ft\u0131rmac\u0131 \u00d6\u011frenci Program\u0131 kapsam\u0131nda 15 lisans ve lisans\u00fcst\u00fc \u00f6\u011frenciye saha \u00e7al\u0131\u015fmalar\u0131nda kullanmalar\u0131 i\u00e7in tablet hediye etti. GRTC\u2019de d\u00fczenlenen tablet da\u011f\u0131t\u0131m program\u0131na AK Parti K\u00fctahya milletvekilleri \u0130smail \u00c7a\u011flar Bay\u0131rc\u0131 ve Mehmet Demir de kat\u0131larak, \u00f6\u011frencilerle bir araya geldi Programda konu\u015fan GRTC yetkilileri, tabletlerin temininde destek sa\u011flayan hay\u0131rseverlere te\u015fekk\u00fcr&#8230;<\/p>\n","protected":false},"author":1,"featured_media":66664,"comment_status":"open","ping_status":"open","sticky":false,"template":"","format":"standard","meta":{"_crdt_document":"","footnotes":""},"categories":[124],"tags":[],"class_list":["post-66663","post","type-post","status-publish","format-standard","has-post-thumbnail","hentry","category-bilim"],"_links":{"self":[{"href":"https:\/\/www.egemtv.com\/index.php?rest_route=\/wp\/v2\/posts\/66663","targetHints":{"allow":["GET"]}}],"collection":[{"href":"https:\/\/www.egemtv.com\/index.php?rest_route=\/wp\/v2\/posts"}],"about":[{"href":"https:\/\/www.egemtv.com\/index.php?rest_route=\/wp\/v2\/types\/post"}],"author":[{"embeddable":true,"href":"https:\/\/www.egemtv.com\/index.php?rest_route=\/wp\/v2\/users\/1"}],"replies":[{"embeddable":true,"href":"https:\/\/www.egemtv.com\/index.php?rest_route=%2Fwp%2Fv2%2Fcomments&post=66663"}],"version-history":[{"count":1,"href":"https:\/\/www.egemtv.com\/index.php?rest_route=\/wp\/v2\/posts\/66663\/revisions"}],"predecessor-version":[{"id":66665,"href":"https:\/\/www.egemtv.com\/index.php?rest_route=\/wp\/v2\/posts\/66663\/revisions\/66665"}],"wp:featuredmedia":[{"embeddable":true,"href":"https:\/\/www.egemtv.com\/index.php?rest_route=\/wp\/v2\/media\/66664"}],"wp:attachment":[{"href":"https:\/\/www.egemtv.com\/index.php?rest_route=%2Fwp%2Fv2%2Fmedia&parent=66663"}],"wp:term":[{"taxonomy":"category","embeddable":true,"href":"https:\/\/www.egemtv.com\/index.php?rest_route=%2Fwp%2Fv2%2Fcategories&post=66663"},{"taxonomy":"post_tag","embeddable":true,"href":"https:\/\/www.egemtv.com\/index.php?rest_route=%2Fwp%2Fv2%2Ftags&post=66663"}],"curies":[{"name":"wp","href":"https:\/\/api.w.org\/{rel}","templated":true}]}}