{"id":66660,"date":"2025-11-08T19:54:41","date_gmt":"2025-11-08T16:54:41","guid":{"rendered":"https:\/\/www.egemtv.com\/?p=66660"},"modified":"2025-11-08T19:54:42","modified_gmt":"2025-11-08T16:54:42","slug":"fethiye-leylek-koyunda-mahsur-kalan-4-duzensiz-gocmen-kurtarildi","status":"publish","type":"post","link":"https:\/\/www.egemtv.com\/?p=66660","title":{"rendered":"Fethiye Leylek koyunda mahsur kalan 4 d\u00fczensiz g\u00f6\u00e7men kurtar\u0131ld\u0131"},"content":{"rendered":"<p>Mu\u011fla\u2019n\u0131n Fethiye il\u00e7esi Leylek koyuna ter edilen 4 d\u00fczensiz g\u00f6\u00e7men Sahil G\u00fcvenlik ekipleri taraf\u0131ndan kurtar\u0131ld\u0131.<br \/>\n<br \/>Fethiye il\u00e7esi Leylek Koyu mevkiinde karadan ula\u015f\u0131m\u0131 olmayan b\u00f6lgede bir grup d\u00fczensiz g\u00f6\u00e7menin oldu\u011fu ve yard\u0131m talebinde bulunuldu\u011fu bilgisinin al\u0131nmas\u0131 \u00fczerine g\u00f6revlendirilen Sahil G\u00fcvenlik Botu taraf\u0131ndan 4 d\u00fczensiz g\u00f6\u00e7men kurtar\u0131ld\u0131.<br \/><\/p>\n","protected":false},"excerpt":{"rendered":"<p>Mu\u011fla\u2019n\u0131n Fethiye il\u00e7esi Leylek koyuna ter edilen 4 d\u00fczensiz g\u00f6\u00e7men Sahil G\u00fcvenlik ekipleri taraf\u0131ndan kurtar\u0131ld\u0131. Fethiye il\u00e7esi Leylek Koyu mevkiinde karadan ula\u015f\u0131m\u0131 olmayan b\u00f6lgede bir grup d\u00fczensiz g\u00f6\u00e7menin oldu\u011fu ve yard\u0131m talebinde bulunuldu\u011fu bilgisinin al\u0131nmas\u0131 \u00fczerine g\u00f6revlendirilen Sahil G\u00fcvenlik Botu taraf\u0131ndan 4 d\u00fczensiz g\u00f6\u00e7men kurtar\u0131ld\u0131.<\/p>\n","protected":false},"author":1,"featured_media":66661,"comment_status":"open","ping_status":"open","sticky":false,"template":"","format":"standard","meta":{"_crdt_document":"","footnotes":""},"categories":[5],"tags":[],"class_list":["post-66660","post","type-post","status-publish","format-standard","has-post-thumbnail","hentry","category-asayis"],"_links":{"self":[{"href":"https:\/\/www.egemtv.com\/index.php?rest_route=\/wp\/v2\/posts\/66660","targetHints":{"allow":["GET"]}}],"collection":[{"href":"https:\/\/www.egemtv.com\/index.php?rest_route=\/wp\/v2\/posts"}],"about":[{"href":"https:\/\/www.egemtv.com\/index.php?rest_route=\/wp\/v2\/types\/post"}],"author":[{"embeddable":true,"href":"https:\/\/www.egemtv.com\/index.php?rest_route=\/wp\/v2\/users\/1"}],"replies":[{"embeddable":true,"href":"https:\/\/www.egemtv.com\/index.php?rest_route=%2Fwp%2Fv2%2Fcomments&post=66660"}],"version-history":[{"count":1,"href":"https:\/\/www.egemtv.com\/index.php?rest_route=\/wp\/v2\/posts\/66660\/revisions"}],"predecessor-version":[{"id":66662,"href":"https:\/\/www.egemtv.com\/index.php?rest_route=\/wp\/v2\/posts\/66660\/revisions\/66662"}],"wp:featuredmedia":[{"embeddable":true,"href":"https:\/\/www.egemtv.com\/index.php?rest_route=\/wp\/v2\/media\/66661"}],"wp:attachment":[{"href":"https:\/\/www.egemtv.com\/index.php?rest_route=%2Fwp%2Fv2%2Fmedia&parent=66660"}],"wp:term":[{"taxonomy":"category","embeddable":true,"href":"https:\/\/www.egemtv.com\/index.php?rest_route=%2Fwp%2Fv2%2Fcategories&post=66660"},{"taxonomy":"post_tag","embeddable":true,"href":"https:\/\/www.egemtv.com\/index.php?rest_route=%2Fwp%2Fv2%2Ftags&post=66660"}],"curies":[{"name":"wp","href":"https:\/\/api.w.org\/{rel}","templated":true}]}}