{"id":66657,"date":"2025-11-08T19:54:41","date_gmt":"2025-11-08T16:54:41","guid":{"rendered":"https:\/\/www.egemtv.com\/?p=66657"},"modified":"2025-11-08T19:54:41","modified_gmt":"2025-11-08T16:54:41","slug":"hurdaya-donen-aractan-yarali-kurtuldu","status":"publish","type":"post","link":"https:\/\/www.egemtv.com\/?p=66657","title":{"rendered":"Hurdaya d\u00f6nen ara\u00e7tan yaral\u0131 kurtuldu"},"content":{"rendered":"<p>Denizli\u2019de s\u00fcr\u00fcc\u00fcs\u00fcn\u00fcn direksiyon hakimiyetini kaybetti\u011fi otomobil yoldan \u00e7\u0131kt\u0131. Hurdaya d\u00f6nen otomobilde s\u0131k\u0131\u015ft\u0131\u011f\u0131 yerden itfaiye taraf\u0131ndan kurtar\u0131lan yaral\u0131 kad\u0131n hastaneye kald\u0131r\u0131ld\u0131.<br \/>\n<br \/>Kaza, Tavas il\u00e7esi Mu\u011fla &#8211; Denizli karayolu \u00fczerinde meydana geldi. Edinilen bilgilere g\u00f6re ismi hen\u00fcz \u00f6\u011frenilemeyen kad\u0131n s\u00fcr\u00fcc\u00fc 20 K 9369 plakal\u0131 Tofa\u015f marka otomobil ile seyir halindeyken direksiyon hakimiyetini kaybetti. S\u00fcr\u00fcc\u00fcs\u00fcn\u00fcn direksiyon hakimiyetini kaybetti\u011fi otomobil yoldan \u00e7\u0131karak taklalar att\u0131. \u00c7evredeki vatanda\u015flar\u0131n 112 Acil \u00c7a\u011fr\u0131 Merkezine ihbar\u0131 \u00fczerine b\u00f6lgeye, sa\u011fl\u0131k, itfaiye ve jandarma ekipleri sevk edildi. Yaral\u0131 kad\u0131n s\u00fcr\u00fcc\u00fc itfaiye ekipleri taraf\u0131ndan s\u0131k\u0131\u015ft\u0131\u011f\u0131 yerden \u00e7\u0131kar\u0131ld\u0131. Sa\u011fl\u0131k ekipleri taraf\u0131ndan olay yerinde ilk m\u00fcdahalesi tamamlanan yaral\u0131 kad\u0131n ambulansla Tavas Devlet Hastanesine sevk edildi. Kaza sonras\u0131 hurdaya d\u00f6nen otomobil ise \u00e7ekici ile kald\u0131r\u0131ld\u0131.<br \/>\n<br \/>Kazayla ilgili soru\u015fturma ba\u015flat\u0131ld\u0131.<br \/><\/p>\n","protected":false},"excerpt":{"rendered":"<p>Denizli\u2019de s\u00fcr\u00fcc\u00fcs\u00fcn\u00fcn direksiyon hakimiyetini kaybetti\u011fi otomobil yoldan \u00e7\u0131kt\u0131. Hurdaya d\u00f6nen otomobilde s\u0131k\u0131\u015ft\u0131\u011f\u0131 yerden itfaiye taraf\u0131ndan kurtar\u0131lan yaral\u0131 kad\u0131n hastaneye kald\u0131r\u0131ld\u0131. Kaza, Tavas il\u00e7esi Mu\u011fla &#8211; Denizli karayolu \u00fczerinde meydana geldi. Edinilen bilgilere g\u00f6re ismi hen\u00fcz \u00f6\u011frenilemeyen kad\u0131n s\u00fcr\u00fcc\u00fc 20 K 9369 plakal\u0131 Tofa\u015f marka otomobil ile seyir halindeyken direksiyon hakimiyetini kaybetti. S\u00fcr\u00fcc\u00fcs\u00fcn\u00fcn direksiyon hakimiyetini kaybetti\u011fi&#8230;<\/p>\n","protected":false},"author":1,"featured_media":66658,"comment_status":"open","ping_status":"open","sticky":false,"template":"","format":"standard","meta":{"_crdt_document":"","footnotes":""},"categories":[5],"tags":[],"class_list":["post-66657","post","type-post","status-publish","format-standard","has-post-thumbnail","hentry","category-asayis"],"_links":{"self":[{"href":"https:\/\/www.egemtv.com\/index.php?rest_route=\/wp\/v2\/posts\/66657","targetHints":{"allow":["GET"]}}],"collection":[{"href":"https:\/\/www.egemtv.com\/index.php?rest_route=\/wp\/v2\/posts"}],"about":[{"href":"https:\/\/www.egemtv.com\/index.php?rest_route=\/wp\/v2\/types\/post"}],"author":[{"embeddable":true,"href":"https:\/\/www.egemtv.com\/index.php?rest_route=\/wp\/v2\/users\/1"}],"replies":[{"embeddable":true,"href":"https:\/\/www.egemtv.com\/index.php?rest_route=%2Fwp%2Fv2%2Fcomments&post=66657"}],"version-history":[{"count":1,"href":"https:\/\/www.egemtv.com\/index.php?rest_route=\/wp\/v2\/posts\/66657\/revisions"}],"predecessor-version":[{"id":66659,"href":"https:\/\/www.egemtv.com\/index.php?rest_route=\/wp\/v2\/posts\/66657\/revisions\/66659"}],"wp:featuredmedia":[{"embeddable":true,"href":"https:\/\/www.egemtv.com\/index.php?rest_route=\/wp\/v2\/media\/66658"}],"wp:attachment":[{"href":"https:\/\/www.egemtv.com\/index.php?rest_route=%2Fwp%2Fv2%2Fmedia&parent=66657"}],"wp:term":[{"taxonomy":"category","embeddable":true,"href":"https:\/\/www.egemtv.com\/index.php?rest_route=%2Fwp%2Fv2%2Fcategories&post=66657"},{"taxonomy":"post_tag","embeddable":true,"href":"https:\/\/www.egemtv.com\/index.php?rest_route=%2Fwp%2Fv2%2Ftags&post=66657"}],"curies":[{"name":"wp","href":"https:\/\/api.w.org\/{rel}","templated":true}]}}