{"id":66654,"date":"2025-11-08T19:54:40","date_gmt":"2025-11-08T16:54:40","guid":{"rendered":"https:\/\/www.egemtv.com\/?p=66654"},"modified":"2025-11-08T19:54:41","modified_gmt":"2025-11-08T16:54:41","slug":"kutahya-valisi-isin-kadinlarimiz-toplumun-diregidir","status":"publish","type":"post","link":"https:\/\/www.egemtv.com\/?p=66654","title":{"rendered":"K\u00fctahya Valisi I\u015f\u0131n: &#8220;Kad\u0131nlar\u0131m\u0131z toplumun dire\u011fidir&#8221;"},"content":{"rendered":"<p>K\u00fctahya\u2019n\u0131n Simav il\u00e7esinde Aile Destek Merkezinin (ADEM) a\u00e7\u0131l\u0131\u015f\u0131na kat\u0131lan K\u00fctahya Valisi Musa I\u015f\u0131n, kad\u0131nlar\u0131n toplumun dire\u011fi oldu\u011funa ifade etti.<br \/>\n<br \/>Kad\u0131nlar\u0131n istihdama ve \u00fcretime kat\u0131l\u0131m\u0131n\u0131 destekleyecek olan ADEM\u2019in a\u00e7\u0131l\u0131\u015f t\u00f6renine, Vali Musa I\u015f\u0131n, AK Parti \u0130l Ba\u015fkan\u0131 Ceyda \u00c7etin Erenler, AK Parti K\u00fctahya milletvekilleri Adil Bi\u00e7er, \u0130smail \u00c7a\u011flar Bay\u0131rc\u0131, Mehmet Demir, Kaymakam B\u00fcnyamin Karalo\u011flu, Belediye Ba\u015fkan\u0131 K\u00fcbra Tekel Aktulun, AK Parti \u0130l\u00e7e Ba\u015fkan\u0131 Orhan Akbo\u011fa, il protokol\u00fc ve \u00e7ok say\u0131da vatanda\u015f kat\u0131ld\u0131. T\u00f6rende konu\u015fan Vali I\u015f\u0131n, kad\u0131n\u0131n toplum i\u00e7indeki \u00f6nemine vurgu yaparak, aileyi koruma ve \u00e7ocuklar\u0131 gelece\u011fe haz\u0131rlama konular\u0131nda devletin y\u00fcr\u00fctt\u00fc\u011f\u00fc \u00e7al\u0131\u015fmalardan bahsetti. &#8220;Kad\u0131nlar\u0131m\u0131z bizim i\u00e7in \u00e7ok k\u0131ymetlidir. Toplumun dire\u011fi kad\u0131nlar\u0131m\u0131zd\u0131r&#8221; diyen Vali I\u015f\u0131n, &#8220;E\u011fer kad\u0131nlar\u0131m\u0131z\u0131 ihmal edersek, hem \u00e7ocuklar\u0131m\u0131z\u0131 hem de ahlaki ve inan\u00e7 de\u011ferlerimizi kaybederiz. Cumhurba\u015fkan\u0131m\u0131z\u0131n himayelerinde y\u00fcr\u00fct\u00fclen Aileyi Koruma Eylem Plan\u0131 bu anlamda b\u00fcy\u00fck \u00f6nem ta\u015f\u0131maktad\u0131r&#8221; dedi.<br \/>\n<br \/>Kad\u0131n ve \u00e7ocuklar \u00fczerinden y\u00fcr\u00fct\u00fclen istismar ve k\u00fclt\u00fcrel tehditlere kar\u015f\u0131 dikkatli olunmas\u0131 gerekti\u011fini ifade eden Vali I\u015f\u0131n, &#8220;Bir toplumu y\u0131kmak istiyorsan\u0131z kad\u0131nlar\u0131 kullan\u0131rs\u0131n\u0131z, bir toplumu aya\u011fa kald\u0131rmak istiyorsan\u0131z yine kad\u0131nlardan ba\u015flars\u0131n\u0131z&#8221; dedi.<br \/>\n<br \/>Vali I\u015f\u0131n, T\u00fcrkiye\u2019nin son 23 y\u0131lda Cumhurba\u015fkan\u0131 Recep Tayyip Erdo\u011fan\u2019\u0131n liderli\u011finde her alanda b\u00fcy\u00fck hizmetler kazand\u0131\u011f\u0131n\u0131 belirterek, &#8220;\u00dclkemiz g\u00fc\u00e7l\u00fcd\u00fcr, h\u00fck\u00fcmetimiz \u00e7al\u0131\u015fkand\u0131r. 5 y\u0131ld\u0131zl\u0131 hastanelerde 86 milyon insan \u00fccretsiz sa\u011fl\u0131k hizmeti alabiliyor. Bu, milletimizin g\u00fcc\u00fcn\u00fcn bir g\u00f6stergesidir&#8221; \u015feklinde konu\u015ftu.<br \/>\n<br \/>Kad\u0131nlar\u0131n meslek edinmesi, sosyalle\u015fmesi ve \u00e7ocuklar\u0131n korunmas\u0131na y\u00f6nelik projelerin s\u00fcrd\u00fc\u011f\u00fcn\u00fc belirten I\u015f\u0131n, &#8220;Buras\u0131 sadece bir meslek edinme merkezi de\u011fil, ayn\u0131 zamanda bir sosyalle\u015fme, dayan\u0131\u015fma ve aileyi g\u00fc\u00e7lendirme merkezidir. Merkezin kurulmas\u0131nda eme\u011fi ge\u00e7en t\u00fcm kurumlara ve kurulu\u015flara te\u015fekk\u00fcr ediyorum&#8221; ifadelerine yer verdi.<br \/><\/p>\n","protected":false},"excerpt":{"rendered":"<p>K\u00fctahya\u2019n\u0131n Simav il\u00e7esinde Aile Destek Merkezinin (ADEM) a\u00e7\u0131l\u0131\u015f\u0131na kat\u0131lan K\u00fctahya Valisi Musa I\u015f\u0131n, kad\u0131nlar\u0131n toplumun dire\u011fi oldu\u011funa ifade etti. Kad\u0131nlar\u0131n istihdama ve \u00fcretime kat\u0131l\u0131m\u0131n\u0131 destekleyecek olan ADEM\u2019in a\u00e7\u0131l\u0131\u015f t\u00f6renine, Vali Musa I\u015f\u0131n, AK Parti \u0130l Ba\u015fkan\u0131 Ceyda \u00c7etin Erenler, AK Parti K\u00fctahya milletvekilleri Adil Bi\u00e7er, \u0130smail \u00c7a\u011flar Bay\u0131rc\u0131, Mehmet Demir, Kaymakam B\u00fcnyamin Karalo\u011flu, Belediye Ba\u015fkan\u0131&#8230;<\/p>\n","protected":false},"author":1,"featured_media":66655,"comment_status":"open","ping_status":"open","sticky":false,"template":"","format":"standard","meta":{"_crdt_document":"","footnotes":""},"categories":[127],"tags":[],"class_list":["post-66654","post","type-post","status-publish","format-standard","has-post-thumbnail","hentry","category-siyaset"],"_links":{"self":[{"href":"https:\/\/www.egemtv.com\/index.php?rest_route=\/wp\/v2\/posts\/66654","targetHints":{"allow":["GET"]}}],"collection":[{"href":"https:\/\/www.egemtv.com\/index.php?rest_route=\/wp\/v2\/posts"}],"about":[{"href":"https:\/\/www.egemtv.com\/index.php?rest_route=\/wp\/v2\/types\/post"}],"author":[{"embeddable":true,"href":"https:\/\/www.egemtv.com\/index.php?rest_route=\/wp\/v2\/users\/1"}],"replies":[{"embeddable":true,"href":"https:\/\/www.egemtv.com\/index.php?rest_route=%2Fwp%2Fv2%2Fcomments&post=66654"}],"version-history":[{"count":1,"href":"https:\/\/www.egemtv.com\/index.php?rest_route=\/wp\/v2\/posts\/66654\/revisions"}],"predecessor-version":[{"id":66656,"href":"https:\/\/www.egemtv.com\/index.php?rest_route=\/wp\/v2\/posts\/66654\/revisions\/66656"}],"wp:featuredmedia":[{"embeddable":true,"href":"https:\/\/www.egemtv.com\/index.php?rest_route=\/wp\/v2\/media\/66655"}],"wp:attachment":[{"href":"https:\/\/www.egemtv.com\/index.php?rest_route=%2Fwp%2Fv2%2Fmedia&parent=66654"}],"wp:term":[{"taxonomy":"category","embeddable":true,"href":"https:\/\/www.egemtv.com\/index.php?rest_route=%2Fwp%2Fv2%2Fcategories&post=66654"},{"taxonomy":"post_tag","embeddable":true,"href":"https:\/\/www.egemtv.com\/index.php?rest_route=%2Fwp%2Fv2%2Ftags&post=66654"}],"curies":[{"name":"wp","href":"https:\/\/api.w.org\/{rel}","templated":true}]}}