{"id":66651,"date":"2025-11-08T19:34:44","date_gmt":"2025-11-08T16:34:44","guid":{"rendered":"https:\/\/www.egemtv.com\/?p=66651"},"modified":"2025-11-08T19:34:46","modified_gmt":"2025-11-08T16:34:46","slug":"bodrumda-bir-evde-yangin-cikti","status":"publish","type":"post","link":"https:\/\/www.egemtv.com\/?p=66651","title":{"rendered":"Bodrum\u2019da bir evde yang\u0131n \u00e7\u0131kt\u0131"},"content":{"rendered":"<p>Mu\u011fla\u2019n\u0131n Bodrum il\u00e7esinde bir evde \u00e7\u0131kan yang\u0131n, itfaiye ekiplerinin m\u00fcdahalesiyle s\u00f6nd\u00fcr\u00fcld\u00fc.<\/p>\n<p>Edinilen bilgiye g\u00f6re Yal\u0131kavak Geri\u015f Mahallesi Sarn\u0131\u00e7 Sokak\u2019ta bulunan bir evin balkonunda elektrik konta\u011f\u0131ndan yang\u0131n ba\u015flad\u0131. Alevler, evin \u00e7at\u0131s\u0131na da s\u0131\u00e7rad\u0131. Alevleri ve duman\u0131 fark eden mahalle sakinleri, 112 Acil \u00c7a\u011fr\u0131 Merkezi\u2019ne ihbarda bulundu. \u0130hbar\u0131n ard\u0131ndan b\u00f6lgeye itfaiye, polis ve 112 acil sa\u011fl\u0131k ekipleri sevk edildi. Yang\u0131n\u0131 fark eden mahalle sakinleri soka\u011fa d\u00f6k\u00fcld\u00fc. Olay yerine k\u0131sa s\u00fcrede ula\u015fan itfaiye ekipleri, yang\u0131na m\u00fcdahale ederek daha fazla b\u00fcy\u00fcmeden kontrol alt\u0131na ald\u0131. Herhangi bir can kayb\u0131 veya yaralanman\u0131n ya\u015fanmad\u0131\u011f\u0131 olayda, evde maddi hasar meydana geldi.<br \/><\/p>\n","protected":false},"excerpt":{"rendered":"<p>Mu\u011fla\u2019n\u0131n Bodrum il\u00e7esinde bir evde \u00e7\u0131kan yang\u0131n, itfaiye ekiplerinin m\u00fcdahalesiyle s\u00f6nd\u00fcr\u00fcld\u00fc. Edinilen bilgiye g\u00f6re Yal\u0131kavak Geri\u015f Mahallesi Sarn\u0131\u00e7 Sokak\u2019ta bulunan bir evin balkonunda elektrik konta\u011f\u0131ndan yang\u0131n ba\u015flad\u0131. Alevler, evin \u00e7at\u0131s\u0131na da s\u0131\u00e7rad\u0131. Alevleri ve duman\u0131 fark eden mahalle sakinleri, 112 Acil \u00c7a\u011fr\u0131 Merkezi\u2019ne ihbarda bulundu. \u0130hbar\u0131n ard\u0131ndan b\u00f6lgeye itfaiye, polis ve 112 acil sa\u011fl\u0131k ekipleri&#8230;<\/p>\n","protected":false},"author":1,"featured_media":66652,"comment_status":"open","ping_status":"open","sticky":false,"template":"","format":"standard","meta":{"_crdt_document":"","footnotes":""},"categories":[5],"tags":[],"class_list":["post-66651","post","type-post","status-publish","format-standard","has-post-thumbnail","hentry","category-asayis"],"_links":{"self":[{"href":"https:\/\/www.egemtv.com\/index.php?rest_route=\/wp\/v2\/posts\/66651","targetHints":{"allow":["GET"]}}],"collection":[{"href":"https:\/\/www.egemtv.com\/index.php?rest_route=\/wp\/v2\/posts"}],"about":[{"href":"https:\/\/www.egemtv.com\/index.php?rest_route=\/wp\/v2\/types\/post"}],"author":[{"embeddable":true,"href":"https:\/\/www.egemtv.com\/index.php?rest_route=\/wp\/v2\/users\/1"}],"replies":[{"embeddable":true,"href":"https:\/\/www.egemtv.com\/index.php?rest_route=%2Fwp%2Fv2%2Fcomments&post=66651"}],"version-history":[{"count":1,"href":"https:\/\/www.egemtv.com\/index.php?rest_route=\/wp\/v2\/posts\/66651\/revisions"}],"predecessor-version":[{"id":66653,"href":"https:\/\/www.egemtv.com\/index.php?rest_route=\/wp\/v2\/posts\/66651\/revisions\/66653"}],"wp:featuredmedia":[{"embeddable":true,"href":"https:\/\/www.egemtv.com\/index.php?rest_route=\/wp\/v2\/media\/66652"}],"wp:attachment":[{"href":"https:\/\/www.egemtv.com\/index.php?rest_route=%2Fwp%2Fv2%2Fmedia&parent=66651"}],"wp:term":[{"taxonomy":"category","embeddable":true,"href":"https:\/\/www.egemtv.com\/index.php?rest_route=%2Fwp%2Fv2%2Fcategories&post=66651"},{"taxonomy":"post_tag","embeddable":true,"href":"https:\/\/www.egemtv.com\/index.php?rest_route=%2Fwp%2Fv2%2Ftags&post=66651"}],"curies":[{"name":"wp","href":"https:\/\/api.w.org\/{rel}","templated":true}]}}