{"id":66645,"date":"2025-11-08T18:35:55","date_gmt":"2025-11-08T15:35:55","guid":{"rendered":"https:\/\/www.egemtv.com\/?p=66645"},"modified":"2025-11-08T18:35:56","modified_gmt":"2025-11-08T15:35:56","slug":"iyi-parti-manisada-yunus-koca-donemi","status":"publish","type":"post","link":"https:\/\/www.egemtv.com\/?p=66645","title":{"rendered":"\u0130Y\u0130 Parti Manisa\u2019da Yunus Koca D\u00f6nemi"},"content":{"rendered":"<p>\u0130Y\u0130 Parti Manisa 4. Ola\u011fan \u0130l Kongresi\u2019nde oylar\u0131n 239\u2019unu alan Yunus Koca yeni il ba\u015fkan\u0131  oldu.<br \/>\n<br \/>\u0130Y\u0130 Parti Manisa 4. Ola\u011fan \u0130l Kongresi ger\u00e7ekle\u015ftirildi. Yunusemre il\u00e7esindeki Ferdi Zeyrek Millet \u00c7ar\u015f\u0131s\u0131 Konferans Salonu\u2019nda yap\u0131lan kongrede mevcut ba\u015fkan Ali Zafer \u0130ksir aday olmazken, ba\u015fkanl\u0131k i\u00e7in Erhan Dumlu ve Yunus Koca yar\u0131\u015ft\u0131.<br \/>\n<br \/>Kongreye \u0130Y\u0130 Parti Genel Ba\u015fkan\u0131 M\u00fcsavat Dervi\u015fo\u011flu, Genel Ba\u015fkan Yard\u0131mc\u0131s\u0131 Cenk \u00d6zat\u0131c\u0131 ve G\u0130K \u00dcyesi Hasan Ery\u0131lmaz kat\u0131ld\u0131. Kongrenin divan ba\u015fkanl\u0131\u011f\u0131n\u0131 ise \u0130Y\u0130 Parti Manisa Milletvekili \u015eenol Sunat \u00fcstlendi.<br \/>\n<br \/>601 delegenin oy kullanma hakk\u0131 bulundu\u011fu kongrede 453 delege sand\u0131k ba\u015f\u0131na gitti. 5 oyun ge\u00e7ersiz say\u0131ld\u0131\u011f\u0131 se\u00e7imde 448 oy ge\u00e7erli say\u0131ld\u0131. Yunus Koca 239 oy alarak \u0130Y\u0130 Parti Manisa \u0130l Ba\u015fkanl\u0131\u011f\u0131na se\u00e7ilirken, rakibi Erhan Dumlu 209 oyda kald\u0131.<br \/>\n<br \/>\u0130ki aday\u0131n yar\u0131\u015ft\u0131\u011f\u0131 kongrede rekabet olmad\u0131\u011f\u0131n\u0131 belirten Genel Ba\u015fkan M\u00fcsavat Dervi\u015fo\u011flu, her iki aday\u0131 da tebrik ederek ba\u015far\u0131lar diledi.<br \/><\/p>\n","protected":false},"excerpt":{"rendered":"<p>\u0130Y\u0130 Parti Manisa 4. Ola\u011fan \u0130l Kongresi\u2019nde oylar\u0131n 239\u2019unu alan Yunus Koca yeni il ba\u015fkan\u0131 oldu. \u0130Y\u0130 Parti Manisa 4. Ola\u011fan \u0130l Kongresi ger\u00e7ekle\u015ftirildi. Yunusemre il\u00e7esindeki Ferdi Zeyrek Millet \u00c7ar\u015f\u0131s\u0131 Konferans Salonu\u2019nda yap\u0131lan kongrede mevcut ba\u015fkan Ali Zafer \u0130ksir aday olmazken, ba\u015fkanl\u0131k i\u00e7in Erhan Dumlu ve Yunus Koca yar\u0131\u015ft\u0131. Kongreye \u0130Y\u0130 Parti Genel Ba\u015fkan\u0131 M\u00fcsavat&#8230;<\/p>\n","protected":false},"author":1,"featured_media":66646,"comment_status":"open","ping_status":"open","sticky":false,"template":"","format":"standard","meta":{"_crdt_document":"","footnotes":""},"categories":[127],"tags":[],"class_list":["post-66645","post","type-post","status-publish","format-standard","has-post-thumbnail","hentry","category-siyaset"],"_links":{"self":[{"href":"https:\/\/www.egemtv.com\/index.php?rest_route=\/wp\/v2\/posts\/66645","targetHints":{"allow":["GET"]}}],"collection":[{"href":"https:\/\/www.egemtv.com\/index.php?rest_route=\/wp\/v2\/posts"}],"about":[{"href":"https:\/\/www.egemtv.com\/index.php?rest_route=\/wp\/v2\/types\/post"}],"author":[{"embeddable":true,"href":"https:\/\/www.egemtv.com\/index.php?rest_route=\/wp\/v2\/users\/1"}],"replies":[{"embeddable":true,"href":"https:\/\/www.egemtv.com\/index.php?rest_route=%2Fwp%2Fv2%2Fcomments&post=66645"}],"version-history":[{"count":1,"href":"https:\/\/www.egemtv.com\/index.php?rest_route=\/wp\/v2\/posts\/66645\/revisions"}],"predecessor-version":[{"id":66647,"href":"https:\/\/www.egemtv.com\/index.php?rest_route=\/wp\/v2\/posts\/66645\/revisions\/66647"}],"wp:featuredmedia":[{"embeddable":true,"href":"https:\/\/www.egemtv.com\/index.php?rest_route=\/wp\/v2\/media\/66646"}],"wp:attachment":[{"href":"https:\/\/www.egemtv.com\/index.php?rest_route=%2Fwp%2Fv2%2Fmedia&parent=66645"}],"wp:term":[{"taxonomy":"category","embeddable":true,"href":"https:\/\/www.egemtv.com\/index.php?rest_route=%2Fwp%2Fv2%2Fcategories&post=66645"},{"taxonomy":"post_tag","embeddable":true,"href":"https:\/\/www.egemtv.com\/index.php?rest_route=%2Fwp%2Fv2%2Ftags&post=66645"}],"curies":[{"name":"wp","href":"https:\/\/api.w.org\/{rel}","templated":true}]}}