{"id":66642,"date":"2025-11-08T17:34:42","date_gmt":"2025-11-08T14:34:42","guid":{"rendered":"https:\/\/www.egemtv.com\/?p=66642"},"modified":"2025-11-08T17:34:43","modified_gmt":"2025-11-08T14:34:43","slug":"ilk-kez-katildiklari-turnuvada-ceyrek-finale-yukseldiler","status":"publish","type":"post","link":"https:\/\/www.egemtv.com\/?p=66642","title":{"rendered":"\u0130lk kez kat\u0131ld\u0131klar\u0131 turnuvada \u00e7eyrek finale y\u00fckseldiler"},"content":{"rendered":"<p>\u0130lk kez kat\u0131ld\u0131\u011f\u0131 b\u00f6lge finallerinde \u00e7eyrek finale \u00e7\u0131kan Ayd\u0131n \u0130l Sa\u011fl\u0131k M\u00fcd\u00fcrl\u00fc\u011f\u00fc Voleybol Tak\u0131m\u0131, Kamu Spor Oyunlar\u0131\u2019nda \u00f6nemli bir ba\u015far\u0131 elde etti.<br \/>\n<br \/>Kamu Spor Oyunlar\u0131 kapsam\u0131nda Ayd\u0131n\u2019da d\u00fczenlenen voleybol turnuvas\u0131nda birinci olarak Manisa\u2019da ger\u00e7ekle\u015ftirilen b\u00f6lge finallerine kat\u0131lma hakk\u0131 kazanan Ayd\u0131n \u0130l Sa\u011fl\u0131k M\u00fcd\u00fcrl\u00fc\u011f\u00fc Voleybol Erkek Tak\u0131m\u0131, ilk kez yer ald\u0131\u011f\u0131 b\u00f6lge finallerinde \u00e7eyrek finale y\u00fckselerek \u00f6nemli bir ba\u015far\u0131ya imza att\u0131. 3-7 Kas\u0131m 2025 tarihleri aras\u0131nda Manisa\u2019da yap\u0131lan m\u00fcsabakalarda b\u00fcy\u00fck bir \u00f6zveriyle m\u00fccadele eden \u0130l Sa\u011fl\u0131k M\u00fcd\u00fcrl\u00fc\u011f\u00fc ekibi, performans\u0131yla takdir toplad\u0131. Ayd\u0131n \u0130l Sa\u011fl\u0131k M\u00fcd\u00fcr\u00fc Dr. Eser \u015eenkul, ba\u015far\u0131l\u0131 tak\u0131m\u0131 tebrik ederek &#8220;Bu ba\u015far\u0131da eme\u011fi ge\u00e7en t\u00fcm personelimize te\u015fekk\u00fcr ediyor, ba\u015far\u0131lar\u0131n\u0131n devam\u0131n\u0131 diliyorum&#8221; ifadelerini kulland\u0131.<br \/><\/p>\n","protected":false},"excerpt":{"rendered":"<p>\u0130lk kez kat\u0131ld\u0131\u011f\u0131 b\u00f6lge finallerinde \u00e7eyrek finale \u00e7\u0131kan Ayd\u0131n \u0130l Sa\u011fl\u0131k M\u00fcd\u00fcrl\u00fc\u011f\u00fc Voleybol Tak\u0131m\u0131, Kamu Spor Oyunlar\u0131\u2019nda \u00f6nemli bir ba\u015far\u0131 elde etti. Kamu Spor Oyunlar\u0131 kapsam\u0131nda Ayd\u0131n\u2019da d\u00fczenlenen voleybol turnuvas\u0131nda birinci olarak Manisa\u2019da ger\u00e7ekle\u015ftirilen b\u00f6lge finallerine kat\u0131lma hakk\u0131 kazanan Ayd\u0131n \u0130l Sa\u011fl\u0131k M\u00fcd\u00fcrl\u00fc\u011f\u00fc Voleybol Erkek Tak\u0131m\u0131, ilk kez yer ald\u0131\u011f\u0131 b\u00f6lge finallerinde \u00e7eyrek finale y\u00fckselerek&#8230;<\/p>\n","protected":false},"author":1,"featured_media":66643,"comment_status":"open","ping_status":"open","sticky":false,"template":"","format":"standard","meta":{"_crdt_document":"","footnotes":""},"categories":[4],"tags":[],"class_list":["post-66642","post","type-post","status-publish","format-standard","has-post-thumbnail","hentry","category-spor"],"_links":{"self":[{"href":"https:\/\/www.egemtv.com\/index.php?rest_route=\/wp\/v2\/posts\/66642","targetHints":{"allow":["GET"]}}],"collection":[{"href":"https:\/\/www.egemtv.com\/index.php?rest_route=\/wp\/v2\/posts"}],"about":[{"href":"https:\/\/www.egemtv.com\/index.php?rest_route=\/wp\/v2\/types\/post"}],"author":[{"embeddable":true,"href":"https:\/\/www.egemtv.com\/index.php?rest_route=\/wp\/v2\/users\/1"}],"replies":[{"embeddable":true,"href":"https:\/\/www.egemtv.com\/index.php?rest_route=%2Fwp%2Fv2%2Fcomments&post=66642"}],"version-history":[{"count":1,"href":"https:\/\/www.egemtv.com\/index.php?rest_route=\/wp\/v2\/posts\/66642\/revisions"}],"predecessor-version":[{"id":66644,"href":"https:\/\/www.egemtv.com\/index.php?rest_route=\/wp\/v2\/posts\/66642\/revisions\/66644"}],"wp:featuredmedia":[{"embeddable":true,"href":"https:\/\/www.egemtv.com\/index.php?rest_route=\/wp\/v2\/media\/66643"}],"wp:attachment":[{"href":"https:\/\/www.egemtv.com\/index.php?rest_route=%2Fwp%2Fv2%2Fmedia&parent=66642"}],"wp:term":[{"taxonomy":"category","embeddable":true,"href":"https:\/\/www.egemtv.com\/index.php?rest_route=%2Fwp%2Fv2%2Fcategories&post=66642"},{"taxonomy":"post_tag","embeddable":true,"href":"https:\/\/www.egemtv.com\/index.php?rest_route=%2Fwp%2Fv2%2Ftags&post=66642"}],"curies":[{"name":"wp","href":"https:\/\/api.w.org\/{rel}","templated":true}]}}