{"id":6664,"date":"2025-01-11T08:41:24","date_gmt":"2025-01-11T05:41:24","guid":{"rendered":"https:\/\/www.egemtv.com\/?p=6664"},"modified":"2025-01-11T08:41:25","modified_gmt":"2025-01-11T05:41:25","slug":"denizlide-cinayet-ve-dolandiriciliktan-aranan-2-hukumlu-yakalandi","status":"publish","type":"post","link":"https:\/\/www.egemtv.com\/?p=6664","title":{"rendered":"Denizli\u2019de cinayet ve doland\u0131r\u0131c\u0131l\u0131ktan aranan 2 h\u00fck\u00fcml\u00fc yakaland\u0131"},"content":{"rendered":"<p>Denizli\u2019de polis ekiplerinin aranan \u015fah\u0131slara y\u00f6nelik ger\u00e7ekle\u015ftirildi\u011fi denetimlerde kasten \u00f6ld\u00fcrme ve doland\u0131r\u0131c\u0131l\u0131k su\u00e7lar\u0131ndan haklar\u0131nda kesinle\u015fmi\u015f 21 y\u0131l hapis cezas\u0131 bulunan iki h\u00fck\u00fcml\u00fc yakaland\u0131.<\/p>\n<p>Edinilen bilgiye g\u00f6re; Denizli \u0130l Emniyet M\u00fcd\u00fcrl\u00fc\u011f\u00fc ekiplerinin aranan \u015fah\u0131slar\u0131n yakalanmas\u0131na y\u00f6nelik denetimleri aral\u0131ks\u0131z olarak devam ediyor. Polis ekiplerinin bu kapsamda son 2 g\u00fcnde yapt\u0131\u011f\u0131 \u00e7al\u0131\u015fmalarda, Ter\u00f6rle M\u00fccadele \u015eube M\u00fcd\u00fcrl\u00fc\u011f\u00fc ekiplerince yap\u0131lan operasyon sonucunda, hakk\u0131nda &#8220;Kasten \u00d6ld\u00fcrme&#8221; su\u00e7undan 10 y\u0131l kesinle\u015fmi\u015f hapis cezas\u0131 bulunan h\u00fck\u00fcml\u00fc yakalanarak cezaevine teslim edildi.<br \/>\n<br \/>Yine Asayi\u015f \u015eube M\u00fcd\u00fcrl\u00fc\u011f\u00fc Aranan \u015eah\u0131slar B\u00fcro Amirli\u011fi ekiplerince yap\u0131lan \u00e7al\u0131\u015fmalar sonucunda ise hakk\u0131nda &#8220;Nitelikli Doland\u0131r\u0131c\u0131l\u0131k&#8221; su\u00e7undan 11 y\u0131l 7 ay 14 g\u00fcn kesinle\u015fmi\u015f hapis cezas\u0131 bulunan h\u00fck\u00fcml\u00fc yakalanarak cezaevine teslim sevk edildi.<br \/><\/p>\n","protected":false},"excerpt":{"rendered":"<p>Denizli\u2019de polis ekiplerinin aranan \u015fah\u0131slara y\u00f6nelik ger\u00e7ekle\u015ftirildi\u011fi denetimlerde kasten \u00f6ld\u00fcrme ve doland\u0131r\u0131c\u0131l\u0131k su\u00e7lar\u0131ndan haklar\u0131nda kesinle\u015fmi\u015f 21 y\u0131l hapis cezas\u0131 bulunan iki h\u00fck\u00fcml\u00fc yakaland\u0131. Edinilen bilgiye g\u00f6re; Denizli \u0130l Emniyet M\u00fcd\u00fcrl\u00fc\u011f\u00fc ekiplerinin aranan \u015fah\u0131slar\u0131n yakalanmas\u0131na y\u00f6nelik denetimleri aral\u0131ks\u0131z olarak devam ediyor. Polis ekiplerinin bu kapsamda son 2 g\u00fcnde yapt\u0131\u011f\u0131 \u00e7al\u0131\u015fmalarda, Ter\u00f6rle M\u00fccadele \u015eube M\u00fcd\u00fcrl\u00fc\u011f\u00fc ekiplerince yap\u0131lan&#8230;<\/p>\n","protected":false},"author":1,"featured_media":6665,"comment_status":"open","ping_status":"open","sticky":false,"template":"","format":"standard","meta":{"_crdt_document":"","footnotes":""},"categories":[5],"tags":[],"class_list":["post-6664","post","type-post","status-publish","format-standard","has-post-thumbnail","hentry","category-asayis"],"_links":{"self":[{"href":"https:\/\/www.egemtv.com\/index.php?rest_route=\/wp\/v2\/posts\/6664","targetHints":{"allow":["GET"]}}],"collection":[{"href":"https:\/\/www.egemtv.com\/index.php?rest_route=\/wp\/v2\/posts"}],"about":[{"href":"https:\/\/www.egemtv.com\/index.php?rest_route=\/wp\/v2\/types\/post"}],"author":[{"embeddable":true,"href":"https:\/\/www.egemtv.com\/index.php?rest_route=\/wp\/v2\/users\/1"}],"replies":[{"embeddable":true,"href":"https:\/\/www.egemtv.com\/index.php?rest_route=%2Fwp%2Fv2%2Fcomments&post=6664"}],"version-history":[{"count":1,"href":"https:\/\/www.egemtv.com\/index.php?rest_route=\/wp\/v2\/posts\/6664\/revisions"}],"predecessor-version":[{"id":6666,"href":"https:\/\/www.egemtv.com\/index.php?rest_route=\/wp\/v2\/posts\/6664\/revisions\/6666"}],"wp:featuredmedia":[{"embeddable":true,"href":"https:\/\/www.egemtv.com\/index.php?rest_route=\/wp\/v2\/media\/6665"}],"wp:attachment":[{"href":"https:\/\/www.egemtv.com\/index.php?rest_route=%2Fwp%2Fv2%2Fmedia&parent=6664"}],"wp:term":[{"taxonomy":"category","embeddable":true,"href":"https:\/\/www.egemtv.com\/index.php?rest_route=%2Fwp%2Fv2%2Fcategories&post=6664"},{"taxonomy":"post_tag","embeddable":true,"href":"https:\/\/www.egemtv.com\/index.php?rest_route=%2Fwp%2Fv2%2Ftags&post=6664"}],"curies":[{"name":"wp","href":"https:\/\/api.w.org\/{rel}","templated":true}]}}