{"id":66639,"date":"2025-11-08T17:18:36","date_gmt":"2025-11-08T14:18:36","guid":{"rendered":"https:\/\/www.egemtv.com\/?p=66639"},"modified":"2025-11-08T17:18:37","modified_gmt":"2025-11-08T14:18:37","slug":"sehit-uzman-cavus-erdogan-kayar-sehadetinin-14-yilinda-dualarla-anildi","status":"publish","type":"post","link":"https:\/\/www.egemtv.com\/?p=66639","title":{"rendered":"\u015eehit Uzman \u00c7avu\u015f Erdo\u011fan Kayar \u015fehadetinin 14. y\u0131l\u0131nda dualarla an\u0131ld\u0131"},"content":{"rendered":"<p>Bing\u00f6l\u2019de 2011 y\u0131l\u0131nda \u015fehit olan Uzman \u00c7avu\u015f Erdo\u011fan Kayar, \u015fehadetinin 14. y\u0131l\u0131nda memleketi Manisa\u2019n\u0131n Salihli il\u00e7esinde dualarla an\u0131ld\u0131.<br \/>\n<br \/>2011 y\u0131l\u0131nda Ankara\u2019dan Van\u2019a mahkum ta\u015f\u0131yan cezaevi arac\u0131n\u0131n Bing\u00f6l yak\u0131nlar\u0131nda devrilmesi sonucu \u015fehit olan Uzman \u00c7avu\u015f Erdo\u011fan Kayar\u2019\u0131n Y\u00f6r\u00fck Mahallesi\u2019ndeki ailesi, Salihli Kaymakam\u0131 Ali G\u00fcldo\u011fan taraf\u0131ndan ziyaret edildi. Kaymakam G\u00fcldo\u011fan, \u015fehit e\u015fi Latife Kayar ile bir s\u00fcre sohbet ederek, devletin her zaman \u015fehit ailelerinin yan\u0131nda oldu\u011funu vurgulad\u0131.<br \/>\n<br \/>Kaymakam G\u00fcldo\u011fan, &#8220;Devletimiz, \u015fehitlerimizin emaneti olan ailelerinin her zaman yan\u0131ndad\u0131r. Aziz \u015fehidimizi rahmet ve minnetle an\u0131yorum&#8221; dedi.<br \/>\n<br \/>Ziyarete \u0130l\u00e7e Emniyet M\u00fcd\u00fcr\u00fc Burhan Demirk\u0131ran, \u0130l\u00e7e Jandarma Komutan Vekili Te\u011fmen Hasan Karasoy ve Sosyal Hizmet Merkezi M\u00fcd\u00fcr\u00fc Alim Yavuz da kat\u0131ld\u0131. Ziyaret, okunan dualar\u0131n ard\u0131ndan sona erdi.<br \/><\/p>\n","protected":false},"excerpt":{"rendered":"<p>Bing\u00f6l\u2019de 2011 y\u0131l\u0131nda \u015fehit olan Uzman \u00c7avu\u015f Erdo\u011fan Kayar, \u015fehadetinin 14. y\u0131l\u0131nda memleketi Manisa\u2019n\u0131n Salihli il\u00e7esinde dualarla an\u0131ld\u0131. 2011 y\u0131l\u0131nda Ankara\u2019dan Van\u2019a mahkum ta\u015f\u0131yan cezaevi arac\u0131n\u0131n Bing\u00f6l yak\u0131nlar\u0131nda devrilmesi sonucu \u015fehit olan Uzman \u00c7avu\u015f Erdo\u011fan Kayar\u2019\u0131n Y\u00f6r\u00fck Mahallesi\u2019ndeki ailesi, Salihli Kaymakam\u0131 Ali G\u00fcldo\u011fan taraf\u0131ndan ziyaret edildi. Kaymakam G\u00fcldo\u011fan, \u015fehit e\u015fi Latife Kayar ile bir s\u00fcre&#8230;<\/p>\n","protected":false},"author":1,"featured_media":66640,"comment_status":"open","ping_status":"open","sticky":false,"template":"","format":"standard","meta":{"_crdt_document":"","footnotes":""},"categories":[123],"tags":[],"class_list":["post-66639","post","type-post","status-publish","format-standard","has-post-thumbnail","hentry","category-gundem"],"_links":{"self":[{"href":"https:\/\/www.egemtv.com\/index.php?rest_route=\/wp\/v2\/posts\/66639","targetHints":{"allow":["GET"]}}],"collection":[{"href":"https:\/\/www.egemtv.com\/index.php?rest_route=\/wp\/v2\/posts"}],"about":[{"href":"https:\/\/www.egemtv.com\/index.php?rest_route=\/wp\/v2\/types\/post"}],"author":[{"embeddable":true,"href":"https:\/\/www.egemtv.com\/index.php?rest_route=\/wp\/v2\/users\/1"}],"replies":[{"embeddable":true,"href":"https:\/\/www.egemtv.com\/index.php?rest_route=%2Fwp%2Fv2%2Fcomments&post=66639"}],"version-history":[{"count":1,"href":"https:\/\/www.egemtv.com\/index.php?rest_route=\/wp\/v2\/posts\/66639\/revisions"}],"predecessor-version":[{"id":66641,"href":"https:\/\/www.egemtv.com\/index.php?rest_route=\/wp\/v2\/posts\/66639\/revisions\/66641"}],"wp:featuredmedia":[{"embeddable":true,"href":"https:\/\/www.egemtv.com\/index.php?rest_route=\/wp\/v2\/media\/66640"}],"wp:attachment":[{"href":"https:\/\/www.egemtv.com\/index.php?rest_route=%2Fwp%2Fv2%2Fmedia&parent=66639"}],"wp:term":[{"taxonomy":"category","embeddable":true,"href":"https:\/\/www.egemtv.com\/index.php?rest_route=%2Fwp%2Fv2%2Fcategories&post=66639"},{"taxonomy":"post_tag","embeddable":true,"href":"https:\/\/www.egemtv.com\/index.php?rest_route=%2Fwp%2Fv2%2Ftags&post=66639"}],"curies":[{"name":"wp","href":"https:\/\/api.w.org\/{rel}","templated":true}]}}