{"id":66636,"date":"2025-11-08T17:18:35","date_gmt":"2025-11-08T14:18:35","guid":{"rendered":"https:\/\/www.egemtv.com\/?p=66636"},"modified":"2025-11-08T17:18:36","modified_gmt":"2025-11-08T14:18:36","slug":"3-kamu-spor-oyunlari-ege-grup-musabakalari-manisada-sona-erdi","status":"publish","type":"post","link":"https:\/\/www.egemtv.com\/?p=66636","title":{"rendered":"3. Kamu Spor Oyunlar\u0131 Ege Grup M\u00fcsabakalar\u0131 Manisa\u2019da sona erdi"},"content":{"rendered":"<p>Manisa Gen\u00e7lik ve Spor \u0130l M\u00fcd\u00fcrl\u00fc\u011f\u00fc ev sahipli\u011finde ger\u00e7ekle\u015ftirilen &#8220;3. Kamu Spor Oyunlar\u0131&#8221; Ege Grup M\u00fcsabakalar\u0131 tamamlan\u0131rken tak\u0131mlar k\u0131yas\u0131ya m\u00fccadele etti.<br \/>\n<br \/>Gen\u00e7lik ve Spor Bakanl\u0131\u011f\u0131 taraf\u0131ndan d\u00fczenlenen, Manisa Gen\u00e7lik ve Spor \u0130l M\u00fcd\u00fcrl\u00fc\u011f\u00fc\u2019n\u00fcn ev sahipli\u011finde ger\u00e7ekle\u015ftirilen &#8220;3. Kamu Spor Oyunlar\u0131&#8221; Ege Grup M\u00fcsabakalar\u0131 tamamland\u0131.<br \/>\n<br \/>Voleybol ve ayak tenisi bran\u015flar\u0131nda d\u00fczenlenen grup m\u00fcsabakalar\u0131na Ege B\u00f6lgesi\u2019nden 8 ilden kamu kurumlar\u0131nda g\u00f6rev yapan personel kat\u0131ld\u0131. 3-7 Kas\u0131m tarihleri aras\u0131nda Atat\u00fcrk Spor Salonu, \u00c7ok Ama\u00e7l\u0131 Spor Salonu ve 8 Eyl\u00fcl Futbol Sahas\u0131\u2019nda ger\u00e7ekle\u015ftirilen kar\u015f\u0131la\u015fmalar, b\u00fcy\u00fck m\u00fccadelelere sahne oldu.<\/p>\n<p>Kad\u0131nlar Voleybolda Manisa \u015fampiyon oldu<br \/>\n<br \/>Kad\u0131nlar voleybol kategorisinde Manisa Gen\u00e7lik ve Spor \u0130l M\u00fcd\u00fcrl\u00fc\u011f\u00fc Kad\u0131n Voleybol Tak\u0131m\u0131, oynad\u0131\u011f\u0131 t\u00fcm ma\u00e7lar\u0131 kazanarak grup birincisi oldu ve T\u00fcrkiye \u015eampiyonas\u0131\u2019na kat\u0131lma hakk\u0131 elde etti.<br \/>\n<br \/>Finalde \u0130zmir \u015eehir Hastanesi ile kar\u015f\u0131la\u015fan Manisa ekibi, setleri 3-0 kazanarak b\u00fcy\u00fck bir ba\u015far\u0131ya imza att\u0131.<br \/>\n<br \/>Kad\u0131nlar voleybol kategorisinde ikincili\u011fi \u0130zmir \u015eehir Hastanesi, \u00fc\u00e7\u00fcnc\u00fcl\u00fc\u011f\u00fc ise \u0130zmir Gen\u00e7lik ve Spor \u0130l M\u00fcd\u00fcrl\u00fc\u011f\u00fc kazand\u0131. Erkekler voleybol kategorisinde final ma\u00e7\u0131nda Mu\u011fla Fethiye Kaymakaml\u0131\u011f\u0131, \u0130zmir Karaba\u011flar \u0130l\u00e7e Milli E\u011fitim M\u00fcd\u00fcrl\u00fc\u011f\u00fc\u2019n\u00fc 3-0\u2019l\u0131k skorla ma\u011flup ederek grup birincisi oldu ve T\u00fcrkiye \u015eampiyonas\u0131\u2019na ad\u0131n\u0131 yazd\u0131rd\u0131.<br \/>\n<br \/>Bu kategoride ikincili\u011fi \u0130zmir Karaba\u011flar \u0130l\u00e7e Milli E\u011fitim M\u00fcd\u00fcrl\u00fc\u011f\u00fc, \u00fc\u00e7\u00fcnc\u00fcl\u00fc\u011f\u00fc ise Denizli Ceza \u0130nfaz Kurumu M\u00fcd\u00fcrl\u00fc\u011f\u00fc elde etti. Erkekler ayak tenisi finalinde U\u015fak Organize Sanayi B\u00f6lgesi \u0130tfaiye M\u00fcd\u00fcrl\u00fc\u011f\u00fc, Mu\u011fla \u0130l Tar\u0131m ve Orman M\u00fcd\u00fcrl\u00fc\u011f\u00fc\u2019n\u00fc 3-1 ma\u011flup ederek grup \u015fampiyonu oldu ve T\u00fcrkiye \u015eampiyonas\u0131\u2019na kat\u0131lma hakk\u0131 kazand\u0131.<br \/>\n<br \/>Ayak tenisinde ikincili\u011fi Mu\u011fla \u0130l Tar\u0131m ve Orman M\u00fcd\u00fcrl\u00fc\u011f\u00fc, \u00fc\u00e7\u00fcnc\u00fcl\u00fc\u011f\u00fc ise Kemalpa\u015fa \u0130l\u00e7e Milli E\u011fitim M\u00fcd\u00fcrl\u00fc\u011f\u00fc elde etti. \u0130lk d\u00f6rde giren tak\u0131mlara madalya ve kupalar\u0131, Spor Hizmetleri M\u00fcd\u00fcr\u00fc Mustafa Buldu, \u0130zmir \u015eehir Hastanesi Ba\u015fhekim Yard\u0131mc\u0131s\u0131 Uzm. Dr. Serkan \u0130skender, \u015eehzadeler Gen\u00e7lik ve Spor \u0130l\u00e7e M\u00fcd\u00fcr\u00fc Erhan \u00d6zel, Spor \u015eube M\u00fcd\u00fcr\u00fc Ali Belindir ve Okul Sporlar\u0131 \u015eube M\u00fcd\u00fcr\u00fc Fatih Umut Alt\u0131n\u0131\u015f\u0131k takdim etti.<br \/>\n<br \/>&#8220;Gelin Sporda Bulu\u015fal\u0131m&#8221; slogan\u0131yla bu y\u0131l \u00fc\u00e7\u00fcnc\u00fcs\u00fc d\u00fczenlenen Kamu Spor Oyunlar\u0131 Projesi ile, kamuda g\u00f6rev yapan personelin spora te\u015fvik edilmesi, kurumlar aras\u0131 birlik ve beraberli\u011fin g\u00fc\u00e7lendirilmesi ve \u00e7al\u0131\u015fanlar\u0131n bedensel ve ruhsal sa\u011fl\u0131\u011f\u0131n\u0131n desteklenmesi ama\u00e7lan\u0131yor.<br \/>\n<br \/>Manisa Gen\u00e7lik ve Spor \u0130l M\u00fcd\u00fcr\u00fc Yunus \u00d6zt\u00fcrk, &#8220;Kamu \u00e7al\u0131\u015fanlar\u0131n\u0131n spor \u00e7at\u0131s\u0131 alt\u0131nda bir araya gelmesi, hem dayan\u0131\u015fmay\u0131 hem de sa\u011fl\u0131kl\u0131 ya\u015fam bilincini g\u00fc\u00e7lendiriyor. B\u00f6ylesi g\u00fczel bir atmosferi olu\u015fturan Gen\u00e7lik ve Spor Bakanl\u0131\u011f\u0131m\u0131za te\u015fekk\u00fcr ediyoruz. Bu anlaml\u0131 projenin par\u00e7as\u0131 olan herkesi g\u00f6n\u00fclden kutluyorum. T\u00fcrkiye \u015eampiyonas\u0131\u2019na kat\u0131lma hakk\u0131 kazanan tak\u0131mlar\u0131m\u0131z\u0131 da tebrik ediyor, ba\u015far\u0131lar\u0131n\u0131n devam\u0131n\u0131 diliyorum&#8221; dedi.<br \/><\/p>\n","protected":false},"excerpt":{"rendered":"<p>Manisa Gen\u00e7lik ve Spor \u0130l M\u00fcd\u00fcrl\u00fc\u011f\u00fc ev sahipli\u011finde ger\u00e7ekle\u015ftirilen &#8220;3. Kamu Spor Oyunlar\u0131&#8221; Ege Grup M\u00fcsabakalar\u0131 tamamlan\u0131rken tak\u0131mlar k\u0131yas\u0131ya m\u00fccadele etti. Gen\u00e7lik ve Spor Bakanl\u0131\u011f\u0131 taraf\u0131ndan d\u00fczenlenen, Manisa Gen\u00e7lik ve Spor \u0130l M\u00fcd\u00fcrl\u00fc\u011f\u00fc\u2019n\u00fcn ev sahipli\u011finde ger\u00e7ekle\u015ftirilen &#8220;3. Kamu Spor Oyunlar\u0131&#8221; Ege Grup M\u00fcsabakalar\u0131 tamamland\u0131. Voleybol ve ayak tenisi bran\u015flar\u0131nda d\u00fczenlenen grup m\u00fcsabakalar\u0131na Ege B\u00f6lgesi\u2019nden 8&#8230;<\/p>\n","protected":false},"author":1,"featured_media":66637,"comment_status":"open","ping_status":"open","sticky":false,"template":"","format":"standard","meta":{"_crdt_document":"","footnotes":""},"categories":[4],"tags":[],"class_list":["post-66636","post","type-post","status-publish","format-standard","has-post-thumbnail","hentry","category-spor"],"_links":{"self":[{"href":"https:\/\/www.egemtv.com\/index.php?rest_route=\/wp\/v2\/posts\/66636","targetHints":{"allow":["GET"]}}],"collection":[{"href":"https:\/\/www.egemtv.com\/index.php?rest_route=\/wp\/v2\/posts"}],"about":[{"href":"https:\/\/www.egemtv.com\/index.php?rest_route=\/wp\/v2\/types\/post"}],"author":[{"embeddable":true,"href":"https:\/\/www.egemtv.com\/index.php?rest_route=\/wp\/v2\/users\/1"}],"replies":[{"embeddable":true,"href":"https:\/\/www.egemtv.com\/index.php?rest_route=%2Fwp%2Fv2%2Fcomments&post=66636"}],"version-history":[{"count":1,"href":"https:\/\/www.egemtv.com\/index.php?rest_route=\/wp\/v2\/posts\/66636\/revisions"}],"predecessor-version":[{"id":66638,"href":"https:\/\/www.egemtv.com\/index.php?rest_route=\/wp\/v2\/posts\/66636\/revisions\/66638"}],"wp:featuredmedia":[{"embeddable":true,"href":"https:\/\/www.egemtv.com\/index.php?rest_route=\/wp\/v2\/media\/66637"}],"wp:attachment":[{"href":"https:\/\/www.egemtv.com\/index.php?rest_route=%2Fwp%2Fv2%2Fmedia&parent=66636"}],"wp:term":[{"taxonomy":"category","embeddable":true,"href":"https:\/\/www.egemtv.com\/index.php?rest_route=%2Fwp%2Fv2%2Fcategories&post=66636"},{"taxonomy":"post_tag","embeddable":true,"href":"https:\/\/www.egemtv.com\/index.php?rest_route=%2Fwp%2Fv2%2Ftags&post=66636"}],"curies":[{"name":"wp","href":"https:\/\/api.w.org\/{rel}","templated":true}]}}