{"id":66633,"date":"2025-11-08T17:18:34","date_gmt":"2025-11-08T14:18:34","guid":{"rendered":"https:\/\/www.egemtv.com\/?p=66633"},"modified":"2025-11-08T17:18:35","modified_gmt":"2025-11-08T14:18:35","slug":"tff-2-lig-aliaga-fk-7-adanaspor-1","status":"publish","type":"post","link":"https:\/\/www.egemtv.com\/?p=66633","title":{"rendered":"TFF 2. Lig: Alia\u011fa FK: 7 &#8211; Adanaspor: 1"},"content":{"rendered":"<p>TFF 2. Lig K\u0131rm\u0131z\u0131 Grup 12. hafta m\u00fccadelesinde Alia\u011fa FK, sahas\u0131nda Adanaspor\u2019u 7-1 ma\u011flup etti.<\/p>\n<p>Stat: Alia\u011fa Atat\u00fcrk Stadyumu<br \/>\n<br \/>Hakemler: Asen Albayrak, Volkan Altunta\u015f, Selim G\u00f6ksu<br \/>\n<br \/>Alia\u011faspor FK: Kubilay Anteplio\u011flu, Kerem Payko\u00e7, Musa \u015eahindere, Hasan K\u0131l\u0131\u00e7 (G\u00f6ktu\u011f Y\u0131lmaz dk. 65), Mertcan A\u00e7\u0131kg\u00f6z (Eray Akar dk. 65), Ahmet       \u0130lhan \u00d6zek, Mustafa Saymak, Muammer Sar\u0131kaya (O\u011fuzhan Y\u0131ld\u0131r\u0131m dk. 65), Sergen Pi\u00e7inciol (Necati \u00d6zdemir dk. 46), Yusuf Erdem G\u00fcm\u00fc\u015f (Erhan Kartal dk. 46), Harun Kavakl\u0131dere<br \/>\n<br \/>Yedekler: Ahmet Pekg\u00f6z, Oktay Kanc\u0131, Hakan Demir,Malik Karaahmet, Furkan Say,<br \/>\n<br \/>Teknik Direkt\u00f6r: Polat \u00c7etin<br \/>\n<br \/>Adanaspor: Saffet Vehbi Urhan, \u00d6mer Faruk G\u00f6kalp (Muhammed Tap dk. 53), Emir Can Aksu, Burhan Tuzun, Mira\u00e7 Akay, Samet Emlik, Deniz \u00d6zcan (T\u00fcrker Kaplan dk. 72), G\u00f6rkem G\u00f6k\u00e7e (Mehmet Ta\u015f\u00e7\u0131 dk. 72), Ula\u015f Uzun (Mesut \u0130ncekara dk. 46), M\u00fccahit Beliren (Deniz E\u015fer dk. 53), Semih Bak\u0131r<br \/>\n<br \/>Yedekler: Talha E\u011fribayat, Emir I\u015f\u0131k,Serdar Yak\u0131c\u0131, K\u00fcr\u015fad Duran \u015ea\u015f<br \/>\n<br \/>Teknik Direkt\u00f6r: Sava\u015f Bahad\u0131r<br \/>\n<br \/>Goller: Harun Kavakl\u0131dere (dk. 4 ve 15), Muammer Sar\u0131kaya (dk. 23), Mustafa Saymak (dk. 28), Mertcan A\u00e7\u0131kg\u00f6z (dk. 38), Ahmet \u0130lhan \u00d6zek (dk. 50 ve 88) (Alia\u011fa FK), Mehmet Ta\u015f\u00e7\u0131 (dk. 79) (Adanaspor)<br \/>\n<br \/>Sar\u0131 kartlar: Deniz E\u015fer, \u00d6mer Faruk G\u00f6kalp (Adanaspor)<br \/><\/p>\n","protected":false},"excerpt":{"rendered":"<p>TFF 2. Lig K\u0131rm\u0131z\u0131 Grup 12. hafta m\u00fccadelesinde Alia\u011fa FK, sahas\u0131nda Adanaspor\u2019u 7-1 ma\u011flup etti. Stat: Alia\u011fa Atat\u00fcrk Stadyumu Hakemler: Asen Albayrak, Volkan Altunta\u015f, Selim G\u00f6ksu Alia\u011faspor FK: Kubilay Anteplio\u011flu, Kerem Payko\u00e7, Musa \u015eahindere, Hasan K\u0131l\u0131\u00e7 (G\u00f6ktu\u011f Y\u0131lmaz dk. 65), Mertcan A\u00e7\u0131kg\u00f6z (Eray Akar dk. 65), Ahmet \u0130lhan \u00d6zek, Mustafa Saymak, Muammer Sar\u0131kaya (O\u011fuzhan Y\u0131ld\u0131r\u0131m&#8230;<\/p>\n","protected":false},"author":1,"featured_media":66634,"comment_status":"open","ping_status":"open","sticky":false,"template":"","format":"standard","meta":{"_crdt_document":"","footnotes":""},"categories":[4],"tags":[],"class_list":["post-66633","post","type-post","status-publish","format-standard","has-post-thumbnail","hentry","category-spor"],"_links":{"self":[{"href":"https:\/\/www.egemtv.com\/index.php?rest_route=\/wp\/v2\/posts\/66633","targetHints":{"allow":["GET"]}}],"collection":[{"href":"https:\/\/www.egemtv.com\/index.php?rest_route=\/wp\/v2\/posts"}],"about":[{"href":"https:\/\/www.egemtv.com\/index.php?rest_route=\/wp\/v2\/types\/post"}],"author":[{"embeddable":true,"href":"https:\/\/www.egemtv.com\/index.php?rest_route=\/wp\/v2\/users\/1"}],"replies":[{"embeddable":true,"href":"https:\/\/www.egemtv.com\/index.php?rest_route=%2Fwp%2Fv2%2Fcomments&post=66633"}],"version-history":[{"count":1,"href":"https:\/\/www.egemtv.com\/index.php?rest_route=\/wp\/v2\/posts\/66633\/revisions"}],"predecessor-version":[{"id":66635,"href":"https:\/\/www.egemtv.com\/index.php?rest_route=\/wp\/v2\/posts\/66633\/revisions\/66635"}],"wp:featuredmedia":[{"embeddable":true,"href":"https:\/\/www.egemtv.com\/index.php?rest_route=\/wp\/v2\/media\/66634"}],"wp:attachment":[{"href":"https:\/\/www.egemtv.com\/index.php?rest_route=%2Fwp%2Fv2%2Fmedia&parent=66633"}],"wp:term":[{"taxonomy":"category","embeddable":true,"href":"https:\/\/www.egemtv.com\/index.php?rest_route=%2Fwp%2Fv2%2Fcategories&post=66633"},{"taxonomy":"post_tag","embeddable":true,"href":"https:\/\/www.egemtv.com\/index.php?rest_route=%2Fwp%2Fv2%2Ftags&post=66633"}],"curies":[{"name":"wp","href":"https:\/\/api.w.org\/{rel}","templated":true}]}}