{"id":66630,"date":"2025-11-08T16:15:56","date_gmt":"2025-11-08T13:15:56","guid":{"rendered":"https:\/\/www.egemtv.com\/?p=66630"},"modified":"2025-11-08T16:15:57","modified_gmt":"2025-11-08T13:15:57","slug":"karacasuda-trafik-kazasi-1-olu","status":"publish","type":"post","link":"https:\/\/www.egemtv.com\/?p=66630","title":{"rendered":"Karacasu\u2019da trafik kazas\u0131: 1 \u00f6l\u00fc"},"content":{"rendered":"<p>Ayd\u0131n\u2019\u0131n Karacasu il\u00e7esinde yoldan \u00e7\u0131k\u0131p tarlaya giren trakt\u00f6rden d\u00fc\u015fen ya\u015fl\u0131 adam kald\u0131r\u0131ld\u0131\u011f\u0131 hastanede hayat\u0131n\u0131 kaybetti.<\/p>\n<p>Kaza, Karacasu-Tavas karayolu \u00fczerinde meydana geldi. Edinilen bilgiye g\u00f6re, 09 H 1087 plakal\u0131 trakt\u00f6r\u00fc ile Esen\u00e7ay Mahallesi istikametine seyir halinde olan Nebi K\u0131ra\u00e7 idaresindeki trakt\u00f6r, s\u00fcr\u00fcc\u00fcs\u00fcn\u00fcn direksiyon hakimiyetini kaybetmesi \u00fczerine yol kenar\u0131ndaki tarlaya girerken, s\u00fcr\u00fcc\u00fc K\u0131ra\u00e7 trakt\u00f6rden d\u00fc\u015ft\u00fc. Kaza ihbar\u0131 \u00fczerine b\u00f6lgeye gelen sa\u011fl\u0131k ekipleri yaralanan ya\u015fl\u0131 adam\u0131 hastaneye kald\u0131rd\u0131. K\u0131ra\u00e7 burada yap\u0131lan t\u00fcm m\u00fcdahalelere ra\u011fmen hayat\u0131n\u0131 kaybetti.<\/p>\n<p>Kazayla ilgili soru\u015fturma s\u00fcr\u00fcyor.<br \/><\/p>\n","protected":false},"excerpt":{"rendered":"<p>Ayd\u0131n\u2019\u0131n Karacasu il\u00e7esinde yoldan \u00e7\u0131k\u0131p tarlaya giren trakt\u00f6rden d\u00fc\u015fen ya\u015fl\u0131 adam kald\u0131r\u0131ld\u0131\u011f\u0131 hastanede hayat\u0131n\u0131 kaybetti. Kaza, Karacasu-Tavas karayolu \u00fczerinde meydana geldi. Edinilen bilgiye g\u00f6re, 09 H 1087 plakal\u0131 trakt\u00f6r\u00fc ile Esen\u00e7ay Mahallesi istikametine seyir halinde olan Nebi K\u0131ra\u00e7 idaresindeki trakt\u00f6r, s\u00fcr\u00fcc\u00fcs\u00fcn\u00fcn direksiyon hakimiyetini kaybetmesi \u00fczerine yol kenar\u0131ndaki tarlaya girerken, s\u00fcr\u00fcc\u00fc K\u0131ra\u00e7 trakt\u00f6rden d\u00fc\u015ft\u00fc. Kaza ihbar\u0131&#8230;<\/p>\n","protected":false},"author":1,"featured_media":66631,"comment_status":"open","ping_status":"open","sticky":false,"template":"","format":"standard","meta":{"_crdt_document":"","footnotes":""},"categories":[5],"tags":[],"class_list":["post-66630","post","type-post","status-publish","format-standard","has-post-thumbnail","hentry","category-asayis"],"_links":{"self":[{"href":"https:\/\/www.egemtv.com\/index.php?rest_route=\/wp\/v2\/posts\/66630","targetHints":{"allow":["GET"]}}],"collection":[{"href":"https:\/\/www.egemtv.com\/index.php?rest_route=\/wp\/v2\/posts"}],"about":[{"href":"https:\/\/www.egemtv.com\/index.php?rest_route=\/wp\/v2\/types\/post"}],"author":[{"embeddable":true,"href":"https:\/\/www.egemtv.com\/index.php?rest_route=\/wp\/v2\/users\/1"}],"replies":[{"embeddable":true,"href":"https:\/\/www.egemtv.com\/index.php?rest_route=%2Fwp%2Fv2%2Fcomments&post=66630"}],"version-history":[{"count":1,"href":"https:\/\/www.egemtv.com\/index.php?rest_route=\/wp\/v2\/posts\/66630\/revisions"}],"predecessor-version":[{"id":66632,"href":"https:\/\/www.egemtv.com\/index.php?rest_route=\/wp\/v2\/posts\/66630\/revisions\/66632"}],"wp:featuredmedia":[{"embeddable":true,"href":"https:\/\/www.egemtv.com\/index.php?rest_route=\/wp\/v2\/media\/66631"}],"wp:attachment":[{"href":"https:\/\/www.egemtv.com\/index.php?rest_route=%2Fwp%2Fv2%2Fmedia&parent=66630"}],"wp:term":[{"taxonomy":"category","embeddable":true,"href":"https:\/\/www.egemtv.com\/index.php?rest_route=%2Fwp%2Fv2%2Fcategories&post=66630"},{"taxonomy":"post_tag","embeddable":true,"href":"https:\/\/www.egemtv.com\/index.php?rest_route=%2Fwp%2Fv2%2Ftags&post=66630"}],"curies":[{"name":"wp","href":"https:\/\/api.w.org\/{rel}","templated":true}]}}