{"id":66627,"date":"2025-11-08T16:15:55","date_gmt":"2025-11-08T13:15:55","guid":{"rendered":"https:\/\/www.egemtv.com\/?p=66627"},"modified":"2025-11-08T16:15:56","modified_gmt":"2025-11-08T13:15:56","slug":"baskan-balaban-lalelide-pazarcilarla-bulustu","status":"publish","type":"post","link":"https:\/\/www.egemtv.com\/?p=66627","title":{"rendered":"Ba\u015fkan Balaban Laleli\u2019de pazarc\u0131larla bulu\u015ftu"},"content":{"rendered":"<p>&#8220;Yunusemre\u2019yi Hep Birlikte Y\u00f6netece\u011fiz&#8221; slogan\u0131 ile \u00e7al\u0131\u015fmalar\u0131n\u0131 s\u00fcrd\u00fcren Yunusemre Belediye Ba\u015fkan\u0131 Semih Balaban, Laleli Pazar Yeri\u2019nde esnaf ve vatanda\u015flarla bir araya geldi.<br \/>\n<br \/>Mahalle ziyaretlerinin yan\u0131 s\u0131ra esnaf bulu\u015fmalar\u0131n\u0131 s\u00fcrd\u00fcren Yunusemre Belediye Ba\u015fkan\u0131 Balaban\u2019a ziyarette e\u015fi Serap Balaban\u2019\u0131n yan\u0131 s\u0131ra Belediye Ba\u015fkan Yard\u0131mc\u0131s\u0131 Ali Kuyumcu, Pazarc\u0131lar Odas\u0131 Ba\u015fkan\u0131 Destan Bulgay ve 75. Y\u0131l Mahalle Muhtar\u0131 Erhan \u00c7avdarl\u0131 e\u015flik etti. Kahvalt\u0131n\u0131n ard\u0131ndan pazar tezg\u00e2hlar\u0131n\u0131 gezen Ba\u015fkan Balaban ve e\u015fi Serap Balaban, al\u0131\u015fveri\u015f de  yaparak esnafa destek oldu. Ba\u015fkan Balaban, hem esnaf\u0131n hem de vatanda\u015flar\u0131n talep ve \u00f6nerilerini dinleyerek not ald\u0131.<br \/>\n<br \/>Ziyaret s\u0131ras\u0131nda renkli bir an da ya\u015fand\u0131. Ba\u015fkan Semih Balaban, pazarda al\u0131\u015fveri\u015f yapan CHP Genel Ba\u015fkan\u0131 \u00d6zg\u00fcr \u00d6zel\u2019in e\u015fi Didem \u00d6zel ile kar\u015f\u0131la\u015ft\u0131. Ayak\u00fcst\u00fc ger\u00e7ekle\u015fen s\u0131cak sohbette Didem \u00d6zel ve Ba\u015fkan Balaban, esnafa hay\u0131rl\u0131 i\u015fler dileyerek al\u0131\u015fveri\u015flerine devam etti. Ba\u015fkan Balaban\u2019a esnaf ve vatanda\u015flar\u0131n ilgisi yo\u011fundu.<br \/><\/p>\n","protected":false},"excerpt":{"rendered":"<p>&#8220;Yunusemre\u2019yi Hep Birlikte Y\u00f6netece\u011fiz&#8221; slogan\u0131 ile \u00e7al\u0131\u015fmalar\u0131n\u0131 s\u00fcrd\u00fcren Yunusemre Belediye Ba\u015fkan\u0131 Semih Balaban, Laleli Pazar Yeri\u2019nde esnaf ve vatanda\u015flarla bir araya geldi. Mahalle ziyaretlerinin yan\u0131 s\u0131ra esnaf bulu\u015fmalar\u0131n\u0131 s\u00fcrd\u00fcren Yunusemre Belediye Ba\u015fkan\u0131 Balaban\u2019a ziyarette e\u015fi Serap Balaban\u2019\u0131n yan\u0131 s\u0131ra Belediye Ba\u015fkan Yard\u0131mc\u0131s\u0131 Ali Kuyumcu, Pazarc\u0131lar Odas\u0131 Ba\u015fkan\u0131 Destan Bulgay ve 75. Y\u0131l Mahalle Muhtar\u0131 Erhan&#8230;<\/p>\n","protected":false},"author":1,"featured_media":66628,"comment_status":"open","ping_status":"open","sticky":false,"template":"","format":"standard","meta":{"_crdt_document":"","footnotes":""},"categories":[1],"tags":[],"class_list":["post-66627","post","type-post","status-publish","format-standard","has-post-thumbnail","hentry","category-guncel"],"_links":{"self":[{"href":"https:\/\/www.egemtv.com\/index.php?rest_route=\/wp\/v2\/posts\/66627","targetHints":{"allow":["GET"]}}],"collection":[{"href":"https:\/\/www.egemtv.com\/index.php?rest_route=\/wp\/v2\/posts"}],"about":[{"href":"https:\/\/www.egemtv.com\/index.php?rest_route=\/wp\/v2\/types\/post"}],"author":[{"embeddable":true,"href":"https:\/\/www.egemtv.com\/index.php?rest_route=\/wp\/v2\/users\/1"}],"replies":[{"embeddable":true,"href":"https:\/\/www.egemtv.com\/index.php?rest_route=%2Fwp%2Fv2%2Fcomments&post=66627"}],"version-history":[{"count":1,"href":"https:\/\/www.egemtv.com\/index.php?rest_route=\/wp\/v2\/posts\/66627\/revisions"}],"predecessor-version":[{"id":66629,"href":"https:\/\/www.egemtv.com\/index.php?rest_route=\/wp\/v2\/posts\/66627\/revisions\/66629"}],"wp:featuredmedia":[{"embeddable":true,"href":"https:\/\/www.egemtv.com\/index.php?rest_route=\/wp\/v2\/media\/66628"}],"wp:attachment":[{"href":"https:\/\/www.egemtv.com\/index.php?rest_route=%2Fwp%2Fv2%2Fmedia&parent=66627"}],"wp:term":[{"taxonomy":"category","embeddable":true,"href":"https:\/\/www.egemtv.com\/index.php?rest_route=%2Fwp%2Fv2%2Fcategories&post=66627"},{"taxonomy":"post_tag","embeddable":true,"href":"https:\/\/www.egemtv.com\/index.php?rest_route=%2Fwp%2Fv2%2Ftags&post=66627"}],"curies":[{"name":"wp","href":"https:\/\/api.w.org\/{rel}","templated":true}]}}