{"id":66621,"date":"2025-11-08T16:15:54","date_gmt":"2025-11-08T13:15:54","guid":{"rendered":"https:\/\/www.egemtv.com\/?p=66621"},"modified":"2025-11-08T16:15:55","modified_gmt":"2025-11-08T13:15:55","slug":"salihli-kaymakami-guldogan-guclu-bir-salihli-icin-calisiyoruz","status":"publish","type":"post","link":"https:\/\/www.egemtv.com\/?p=66621","title":{"rendered":"Salihli Kaymakam\u0131 G\u00fcldo\u011fan: &#8220;G\u00fc\u00e7l\u00fc bir Salihli i\u00e7in \u00e7al\u0131\u015f\u0131yoruz&#8221;"},"content":{"rendered":"<p>Manisa\u2019n\u0131n Salihli il\u00e7e Kaymakam\u0131 Ali G\u00fcldo\u011fan, il\u00e7enin ekonomik nabz\u0131n\u0131n att\u0131\u011f\u0131 sanayi sitesini ziyaret ederek esnafla bir araya geldi.<br \/>\n<br \/>Her f\u0131rsatta vatanda\u015f ve esnaf bulu\u015fmalar\u0131na \u00f6nem veren Kaymakam G\u00fcldo\u011fan, bu kez sanayi esnaf\u0131n\u0131n taleplerini dinledi, i\u015f yerlerinde yap\u0131lan \u00e7al\u0131\u015fmalar\u0131 yerinde inceledi.  Ziyaret s\u0131ras\u0131nda esnafa hay\u0131rl\u0131 ve bereketli kazan\u00e7lar dileyen G\u00fcldo\u011fan, &#8220;Salihli ekonomisine y\u00f6n veren, istihdam sa\u011flayan t\u00fcm esnaflar\u0131m\u0131z bizim i\u00e7in b\u00fcy\u00fck bir de\u011ferdir. Hep birlikte daha g\u00fc\u00e7l\u00fc bir Salihli i\u00e7in \u00e7al\u0131\u015f\u0131yoruz.&#8221; ifadelerini kulland\u0131.<br \/>\n<br \/>Kaymakam G\u00fcldo\u011fan\u2019\u0131n ziyareti, esnaf taraf\u0131ndan da memnuniyetle kar\u015f\u0131land\u0131.<br \/><\/p>\n","protected":false},"excerpt":{"rendered":"<p>Manisa\u2019n\u0131n Salihli il\u00e7e Kaymakam\u0131 Ali G\u00fcldo\u011fan, il\u00e7enin ekonomik nabz\u0131n\u0131n att\u0131\u011f\u0131 sanayi sitesini ziyaret ederek esnafla bir araya geldi. Her f\u0131rsatta vatanda\u015f ve esnaf bulu\u015fmalar\u0131na \u00f6nem veren Kaymakam G\u00fcldo\u011fan, bu kez sanayi esnaf\u0131n\u0131n taleplerini dinledi, i\u015f yerlerinde yap\u0131lan \u00e7al\u0131\u015fmalar\u0131 yerinde inceledi. Ziyaret s\u0131ras\u0131nda esnafa hay\u0131rl\u0131 ve bereketli kazan\u00e7lar dileyen G\u00fcldo\u011fan, &#8220;Salihli ekonomisine y\u00f6n veren, istihdam sa\u011flayan&#8230;<\/p>\n","protected":false},"author":1,"featured_media":66622,"comment_status":"open","ping_status":"open","sticky":false,"template":"","format":"standard","meta":{"_crdt_document":"","footnotes":""},"categories":[123],"tags":[],"class_list":["post-66621","post","type-post","status-publish","format-standard","has-post-thumbnail","hentry","category-gundem"],"_links":{"self":[{"href":"https:\/\/www.egemtv.com\/index.php?rest_route=\/wp\/v2\/posts\/66621","targetHints":{"allow":["GET"]}}],"collection":[{"href":"https:\/\/www.egemtv.com\/index.php?rest_route=\/wp\/v2\/posts"}],"about":[{"href":"https:\/\/www.egemtv.com\/index.php?rest_route=\/wp\/v2\/types\/post"}],"author":[{"embeddable":true,"href":"https:\/\/www.egemtv.com\/index.php?rest_route=\/wp\/v2\/users\/1"}],"replies":[{"embeddable":true,"href":"https:\/\/www.egemtv.com\/index.php?rest_route=%2Fwp%2Fv2%2Fcomments&post=66621"}],"version-history":[{"count":1,"href":"https:\/\/www.egemtv.com\/index.php?rest_route=\/wp\/v2\/posts\/66621\/revisions"}],"predecessor-version":[{"id":66623,"href":"https:\/\/www.egemtv.com\/index.php?rest_route=\/wp\/v2\/posts\/66621\/revisions\/66623"}],"wp:featuredmedia":[{"embeddable":true,"href":"https:\/\/www.egemtv.com\/index.php?rest_route=\/wp\/v2\/media\/66622"}],"wp:attachment":[{"href":"https:\/\/www.egemtv.com\/index.php?rest_route=%2Fwp%2Fv2%2Fmedia&parent=66621"}],"wp:term":[{"taxonomy":"category","embeddable":true,"href":"https:\/\/www.egemtv.com\/index.php?rest_route=%2Fwp%2Fv2%2Fcategories&post=66621"},{"taxonomy":"post_tag","embeddable":true,"href":"https:\/\/www.egemtv.com\/index.php?rest_route=%2Fwp%2Fv2%2Ftags&post=66621"}],"curies":[{"name":"wp","href":"https:\/\/api.w.org\/{rel}","templated":true}]}}