{"id":66618,"date":"2025-11-08T15:56:45","date_gmt":"2025-11-08T12:56:45","guid":{"rendered":"https:\/\/www.egemtv.com\/?p=66618"},"modified":"2025-11-08T15:56:45","modified_gmt":"2025-11-08T12:56:45","slug":"ata-tohumlarina-karpuzlulu-vatandaslardan-yogun-ilgi","status":"publish","type":"post","link":"https:\/\/www.egemtv.com\/?p=66618","title":{"rendered":"Ata tohumlar\u0131na Karpuzlulu vatanda\u015flardan yo\u011fun ilgi"},"content":{"rendered":"<p>Ayd\u0131n B\u00fcy\u00fck\u015fehir Belediyesi taraf\u0131ndan Ata tohumlar\u0131ndan \u00fcretilen k\u0131\u015fl\u0131k fideler, Karpuzlu il\u00e7esinde da\u011f\u0131t\u0131l\u0131rken, vatanda\u015flar yo\u011fun ilgi g\u00f6sterdi.<br \/>\n<br \/>Ayd\u0131n B\u00fcy\u00fck\u015fehir Belediye Ba\u015fkan\u0131 \u00d6zlem \u00c7er\u00e7io\u011flu\u2019nun \u00f6nc\u00fcl\u00fc\u011f\u00fcnde ge\u00e7mi\u015ften bu yana s\u00fcrd\u00fcr\u00fclen, Ata Tohumlar\u0131n\u0131n gelecek nesillere g\u00fcvenle ta\u015f\u0131nmas\u0131 amac\u0131yla ba\u015flat\u0131lan \u00e7al\u0131\u015fmalar devam ediyor. B\u00fcy\u00fck\u015fehir Belediyesi\u2019ne ait fidanl\u0131klarda Ata Tohumlar\u0131ndan \u00fcretilen fideler, kentin farkl\u0131 il\u00e7elerinde vatanda\u015flara \u00fccretsiz olarak da\u011f\u0131t\u0131l\u0131yor. K\u0131\u015fl\u0131k marul, lahana, karnabahar ve brokoli fidelerinden alan vatanda\u015flar, kendi bah\u00e7elerinde \u00fcretim yaparak hem sa\u011fl\u0131kl\u0131 ve do\u011fal \u00fcr\u00fcnlere eri\u015fiyor hem de Ata Tohumlar\u0131n\u0131n yayg\u0131nla\u015fmas\u0131na katk\u0131da bulunuyor. \u00c7al\u0131\u015fmalar kapsam\u0131nda Karpuzlu il\u00e7esinde fide da\u011f\u0131t\u0131m\u0131 ger\u00e7ekle\u015ftirildi. K\u0131\u015fl\u0131k fidelerin vatanda\u015flara ula\u015ft\u0131r\u0131ld\u0131\u011f\u0131 da\u011f\u0131t\u0131ma Karpuzlulular yo\u011fun ilgi g\u00f6sterdi. Vatanda\u015flar, yerli \u00fcretime verilen destek i\u00e7in Ba\u015fkan \u00c7er\u00e7io\u011flu\u2019na te\u015fekk\u00fcr etti.<br \/>\n<br \/>K\u0131\u015fl\u0131k fide da\u011f\u0131t\u0131m\u0131n\u0131n devam edece\u011fini belirten Ba\u015fkan \u00c7er\u00e7io\u011flu, &#8220;Fidanl\u0131klar\u0131m\u0131zda Ata Tohumlar\u0131ndan \u00fcretti\u011fimiz fideleri vatanda\u015flar\u0131m\u0131zla bulu\u015fturmay\u0131 s\u00fcrd\u00fcr\u00fcyoruz. B\u00f6ylece hem \u00fcretimin devaml\u0131l\u0131\u011f\u0131n\u0131 sa\u011fl\u0131yor hem de bu tohumlar\u0131 gelece\u011fe ta\u015f\u0131yoruz. Da\u011f\u0131t\u0131mlar\u0131m\u0131za devam edece\u011fiz&#8221; ifadelerini kulland\u0131.<br \/><\/p>\n","protected":false},"excerpt":{"rendered":"<p>Ayd\u0131n B\u00fcy\u00fck\u015fehir Belediyesi taraf\u0131ndan Ata tohumlar\u0131ndan \u00fcretilen k\u0131\u015fl\u0131k fideler, Karpuzlu il\u00e7esinde da\u011f\u0131t\u0131l\u0131rken, vatanda\u015flar yo\u011fun ilgi g\u00f6sterdi. Ayd\u0131n B\u00fcy\u00fck\u015fehir Belediye Ba\u015fkan\u0131 \u00d6zlem \u00c7er\u00e7io\u011flu\u2019nun \u00f6nc\u00fcl\u00fc\u011f\u00fcnde ge\u00e7mi\u015ften bu yana s\u00fcrd\u00fcr\u00fclen, Ata Tohumlar\u0131n\u0131n gelecek nesillere g\u00fcvenle ta\u015f\u0131nmas\u0131 amac\u0131yla ba\u015flat\u0131lan \u00e7al\u0131\u015fmalar devam ediyor. B\u00fcy\u00fck\u015fehir Belediyesi\u2019ne ait fidanl\u0131klarda Ata Tohumlar\u0131ndan \u00fcretilen fideler, kentin farkl\u0131 il\u00e7elerinde vatanda\u015flara \u00fccretsiz olarak da\u011f\u0131t\u0131l\u0131yor. K\u0131\u015fl\u0131k marul,&#8230;<\/p>\n","protected":false},"author":1,"featured_media":66619,"comment_status":"open","ping_status":"open","sticky":false,"template":"","format":"standard","meta":{"_crdt_document":"","footnotes":""},"categories":[1],"tags":[],"class_list":["post-66618","post","type-post","status-publish","format-standard","has-post-thumbnail","hentry","category-guncel"],"_links":{"self":[{"href":"https:\/\/www.egemtv.com\/index.php?rest_route=\/wp\/v2\/posts\/66618","targetHints":{"allow":["GET"]}}],"collection":[{"href":"https:\/\/www.egemtv.com\/index.php?rest_route=\/wp\/v2\/posts"}],"about":[{"href":"https:\/\/www.egemtv.com\/index.php?rest_route=\/wp\/v2\/types\/post"}],"author":[{"embeddable":true,"href":"https:\/\/www.egemtv.com\/index.php?rest_route=\/wp\/v2\/users\/1"}],"replies":[{"embeddable":true,"href":"https:\/\/www.egemtv.com\/index.php?rest_route=%2Fwp%2Fv2%2Fcomments&post=66618"}],"version-history":[{"count":1,"href":"https:\/\/www.egemtv.com\/index.php?rest_route=\/wp\/v2\/posts\/66618\/revisions"}],"predecessor-version":[{"id":66620,"href":"https:\/\/www.egemtv.com\/index.php?rest_route=\/wp\/v2\/posts\/66618\/revisions\/66620"}],"wp:featuredmedia":[{"embeddable":true,"href":"https:\/\/www.egemtv.com\/index.php?rest_route=\/wp\/v2\/media\/66619"}],"wp:attachment":[{"href":"https:\/\/www.egemtv.com\/index.php?rest_route=%2Fwp%2Fv2%2Fmedia&parent=66618"}],"wp:term":[{"taxonomy":"category","embeddable":true,"href":"https:\/\/www.egemtv.com\/index.php?rest_route=%2Fwp%2Fv2%2Fcategories&post=66618"},{"taxonomy":"post_tag","embeddable":true,"href":"https:\/\/www.egemtv.com\/index.php?rest_route=%2Fwp%2Fv2%2Ftags&post=66618"}],"curies":[{"name":"wp","href":"https:\/\/api.w.org\/{rel}","templated":true}]}}