{"id":66615,"date":"2025-11-08T15:56:43","date_gmt":"2025-11-08T12:56:43","guid":{"rendered":"https:\/\/www.egemtv.com\/?p=66615"},"modified":"2025-11-08T15:56:45","modified_gmt":"2025-11-08T12:56:45","slug":"nazillide-anne-adaylarina-birebir-destek","status":"publish","type":"post","link":"https:\/\/www.egemtv.com\/?p=66615","title":{"rendered":"Nazilli\u2019de anne adaylar\u0131na birebir destek"},"content":{"rendered":"<p>Ayd\u0131n\u2019\u0131n Nazilli il\u00e7esinde anne adaylar\u0131, do\u011fuma haz\u0131rl\u0131k s\u00fcrecinde bilgilendirilerek &#8220;Her Gebeye Bir Ebe&#8221; projesi kapsam\u0131nda birebir destek almaya ba\u015flad\u0131.<br \/>\n<br \/>Ayd\u0131n \u0130l Sa\u011fl\u0131k M\u00fcd\u00fcrl\u00fc\u011f\u00fc\u2019n\u00fcn &#8220;Do\u011fal Olan Normal Do\u011fum Eylem Plan\u0131&#8221; \u00e7er\u00e7evesinde y\u00fcr\u00fctt\u00fc\u011f\u00fc &#8220;Her Gebeye Bir Ebe&#8221; projesi kapsam\u0131nda, Nazilli \u0130l\u00e7e Sa\u011fl\u0131k M\u00fcd\u00fcrl\u00fc\u011f\u00fc ekipleri anne adaylar\u0131n\u0131 bilgilendirmeye devam ediyor. Bu kapsamda, Cumhuriyet Sa\u011fl\u0131kl\u0131 Hayat Merkezi Gebe Okulu\u2019ndan hizmet alan iki anne aday\u0131 evlerinde ziyaret edildi. Ziyaretlerde, yakla\u015fan do\u011fum s\u00fcreci, normal do\u011fumun \u00f6nemi ve do\u011fum sonras\u0131 d\u00f6nem hakk\u0131nda bilgilendirmelerde bulunuldu. Anne adaylar\u0131na ihtiya\u00e7 duyduklar\u0131nda birebir destek sa\u011flayacak ebenin ileti\u015fim bilgileri payla\u015f\u0131l\u0131rken, kad\u0131n ve \u00e7ocuk sa\u011fl\u0131\u011f\u0131n\u0131 merkeze alan &#8220;Annelik Yolculu\u011fu&#8221; mobil uygulamas\u0131 da tan\u0131t\u0131ld\u0131. Nazilli \u0130l\u00e7e Sa\u011fl\u0131k M\u00fcd\u00fcrl\u00fc\u011f\u00fc yapt\u0131\u011f\u0131 a\u00e7\u0131klama ile projenin hedefinin anne adaylar\u0131n\u0131n do\u011fum s\u00fcrecine bilin\u00e7li ve g\u00fcvenli \u015fekilde haz\u0131rlanmas\u0131n\u0131 sa\u011flamak oldu\u011funu belirtti.<br \/><\/p>\n","protected":false},"excerpt":{"rendered":"<p>Ayd\u0131n\u2019\u0131n Nazilli il\u00e7esinde anne adaylar\u0131, do\u011fuma haz\u0131rl\u0131k s\u00fcrecinde bilgilendirilerek &#8220;Her Gebeye Bir Ebe&#8221; projesi kapsam\u0131nda birebir destek almaya ba\u015flad\u0131. Ayd\u0131n \u0130l Sa\u011fl\u0131k M\u00fcd\u00fcrl\u00fc\u011f\u00fc\u2019n\u00fcn &#8220;Do\u011fal Olan Normal Do\u011fum Eylem Plan\u0131&#8221; \u00e7er\u00e7evesinde y\u00fcr\u00fctt\u00fc\u011f\u00fc &#8220;Her Gebeye Bir Ebe&#8221; projesi kapsam\u0131nda, Nazilli \u0130l\u00e7e Sa\u011fl\u0131k M\u00fcd\u00fcrl\u00fc\u011f\u00fc ekipleri anne adaylar\u0131n\u0131 bilgilendirmeye devam ediyor. Bu kapsamda, Cumhuriyet Sa\u011fl\u0131kl\u0131 Hayat Merkezi Gebe Okulu\u2019ndan&#8230;<\/p>\n","protected":false},"author":1,"featured_media":66616,"comment_status":"open","ping_status":"open","sticky":false,"template":"","format":"standard","meta":{"_crdt_document":"","footnotes":""},"categories":[2],"tags":[],"class_list":["post-66615","post","type-post","status-publish","format-standard","has-post-thumbnail","hentry","category-saglik"],"_links":{"self":[{"href":"https:\/\/www.egemtv.com\/index.php?rest_route=\/wp\/v2\/posts\/66615","targetHints":{"allow":["GET"]}}],"collection":[{"href":"https:\/\/www.egemtv.com\/index.php?rest_route=\/wp\/v2\/posts"}],"about":[{"href":"https:\/\/www.egemtv.com\/index.php?rest_route=\/wp\/v2\/types\/post"}],"author":[{"embeddable":true,"href":"https:\/\/www.egemtv.com\/index.php?rest_route=\/wp\/v2\/users\/1"}],"replies":[{"embeddable":true,"href":"https:\/\/www.egemtv.com\/index.php?rest_route=%2Fwp%2Fv2%2Fcomments&post=66615"}],"version-history":[{"count":1,"href":"https:\/\/www.egemtv.com\/index.php?rest_route=\/wp\/v2\/posts\/66615\/revisions"}],"predecessor-version":[{"id":66617,"href":"https:\/\/www.egemtv.com\/index.php?rest_route=\/wp\/v2\/posts\/66615\/revisions\/66617"}],"wp:featuredmedia":[{"embeddable":true,"href":"https:\/\/www.egemtv.com\/index.php?rest_route=\/wp\/v2\/media\/66616"}],"wp:attachment":[{"href":"https:\/\/www.egemtv.com\/index.php?rest_route=%2Fwp%2Fv2%2Fmedia&parent=66615"}],"wp:term":[{"taxonomy":"category","embeddable":true,"href":"https:\/\/www.egemtv.com\/index.php?rest_route=%2Fwp%2Fv2%2Fcategories&post=66615"},{"taxonomy":"post_tag","embeddable":true,"href":"https:\/\/www.egemtv.com\/index.php?rest_route=%2Fwp%2Fv2%2Ftags&post=66615"}],"curies":[{"name":"wp","href":"https:\/\/api.w.org\/{rel}","templated":true}]}}