{"id":66609,"date":"2025-11-08T15:14:57","date_gmt":"2025-11-08T12:14:57","guid":{"rendered":"https:\/\/www.egemtv.com\/?p=66609"},"modified":"2025-11-08T15:14:58","modified_gmt":"2025-11-08T12:14:58","slug":"agaca-carpip-ikiye-bolunen-otomobildeki-kadin-hayatini-kaybetti","status":"publish","type":"post","link":"https:\/\/www.egemtv.com\/?p=66609","title":{"rendered":"A\u011faca \u00e7arp\u0131p ikiye b\u00f6l\u00fcnen otomobildeki kad\u0131n hayat\u0131n\u0131 kaybetti"},"content":{"rendered":"<p>Denizli\u2019de s\u00fcr\u00fcc\u00fcs\u00fcn\u00fcn direksiyon hakimiyetini kaybetti\u011fi otomobil a\u011faca \u00e7arpt\u0131. Hastaneye kald\u0131r\u0131lan gen\u00e7 s\u00fcr\u00fcc\u00fc doktorlar\u0131n t\u00fcm m\u00fcdahalesine ra\u011fmen ya\u015fam\u0131n\u0131 yitirdi.<br \/>\n<br \/>Kaza, Merkezefendi il\u00e7esi Servergazi Mahallesi Muhsin Yaz\u0131c\u0131o\u011flu Caddesi \u00fczerinde meydana geldi. Edinilen bilgilere g\u00f6re Sudenaz Sarg\u0131n (21), idaresindeki 20 AAf 802 plakal\u0131 otomobil ile seyir halindeyken direksiyon hakimiyetini kaybetti. S\u00fcr\u00fcc\u00fcs\u00fcn\u00fcn direksiyon hakimiyetini kaybetti\u011fi otomobil yol kenar\u0131ndaki a\u011faca \u00e7arparak durabildi. \u00c7arpman\u0131n ard\u0131ndan otomobil adeta ikiye b\u00fck\u00fcld\u00fc. \u00c7evredeki vatanda\u015flar\u0131n 112 Acil \u00c7a\u011fr\u0131 Merkezine ihbar\u0131 \u00fczerine b\u00f6lgeye sa\u011fl\u0131k, polis ve itfaiye ekipleri sevk edildi. \u0130tfaiye ekipleri otomobilde s\u0131k\u0131\u015fan gen\u00e7 s\u00fcr\u00fcc\u00fcy\u00fc kurtararak sa\u011fl\u0131k ekiplerine teslim etti. Olay yerinde ilk m\u00fcdahalesi tamamlanan Sudenaz Sarg\u0131n, ambulansla hastaneye sevk edildi. Gen\u00e7 kad\u0131n burada doktorlar\u0131n t\u00fcm m\u00fcdahalesine ra\u011fmen kurtar\u0131lamad\u0131. Sudenaz Sarg\u0131n\u2019\u0131n cans\u0131z bedeni otopsi yap\u0131lmak \u00fczere Adli T\u0131p Kurumu Denizli Grup Ba\u015fkanl\u0131\u011f\u0131 morguna kald\u0131r\u0131ld\u0131.<br \/>\n<br \/>Kazayla ilgili soru\u015fturma ba\u015flat\u0131ld\u0131.<br \/><\/p>\n","protected":false},"excerpt":{"rendered":"<p>Denizli\u2019de s\u00fcr\u00fcc\u00fcs\u00fcn\u00fcn direksiyon hakimiyetini kaybetti\u011fi otomobil a\u011faca \u00e7arpt\u0131. Hastaneye kald\u0131r\u0131lan gen\u00e7 s\u00fcr\u00fcc\u00fc doktorlar\u0131n t\u00fcm m\u00fcdahalesine ra\u011fmen ya\u015fam\u0131n\u0131 yitirdi. Kaza, Merkezefendi il\u00e7esi Servergazi Mahallesi Muhsin Yaz\u0131c\u0131o\u011flu Caddesi \u00fczerinde meydana geldi. Edinilen bilgilere g\u00f6re Sudenaz Sarg\u0131n (21), idaresindeki 20 AAf 802 plakal\u0131 otomobil ile seyir halindeyken direksiyon hakimiyetini kaybetti. S\u00fcr\u00fcc\u00fcs\u00fcn\u00fcn direksiyon hakimiyetini kaybetti\u011fi otomobil yol kenar\u0131ndaki a\u011faca&#8230;<\/p>\n","protected":false},"author":1,"featured_media":66610,"comment_status":"open","ping_status":"open","sticky":false,"template":"","format":"standard","meta":{"_crdt_document":"","footnotes":""},"categories":[5],"tags":[],"class_list":["post-66609","post","type-post","status-publish","format-standard","has-post-thumbnail","hentry","category-asayis"],"_links":{"self":[{"href":"https:\/\/www.egemtv.com\/index.php?rest_route=\/wp\/v2\/posts\/66609","targetHints":{"allow":["GET"]}}],"collection":[{"href":"https:\/\/www.egemtv.com\/index.php?rest_route=\/wp\/v2\/posts"}],"about":[{"href":"https:\/\/www.egemtv.com\/index.php?rest_route=\/wp\/v2\/types\/post"}],"author":[{"embeddable":true,"href":"https:\/\/www.egemtv.com\/index.php?rest_route=\/wp\/v2\/users\/1"}],"replies":[{"embeddable":true,"href":"https:\/\/www.egemtv.com\/index.php?rest_route=%2Fwp%2Fv2%2Fcomments&post=66609"}],"version-history":[{"count":1,"href":"https:\/\/www.egemtv.com\/index.php?rest_route=\/wp\/v2\/posts\/66609\/revisions"}],"predecessor-version":[{"id":66611,"href":"https:\/\/www.egemtv.com\/index.php?rest_route=\/wp\/v2\/posts\/66609\/revisions\/66611"}],"wp:featuredmedia":[{"embeddable":true,"href":"https:\/\/www.egemtv.com\/index.php?rest_route=\/wp\/v2\/media\/66610"}],"wp:attachment":[{"href":"https:\/\/www.egemtv.com\/index.php?rest_route=%2Fwp%2Fv2%2Fmedia&parent=66609"}],"wp:term":[{"taxonomy":"category","embeddable":true,"href":"https:\/\/www.egemtv.com\/index.php?rest_route=%2Fwp%2Fv2%2Fcategories&post=66609"},{"taxonomy":"post_tag","embeddable":true,"href":"https:\/\/www.egemtv.com\/index.php?rest_route=%2Fwp%2Fv2%2Ftags&post=66609"}],"curies":[{"name":"wp","href":"https:\/\/api.w.org\/{rel}","templated":true}]}}