{"id":66606,"date":"2025-11-08T14:54:36","date_gmt":"2025-11-08T11:54:36","guid":{"rendered":"https:\/\/www.egemtv.com\/?p=66606"},"modified":"2025-11-08T14:54:37","modified_gmt":"2025-11-08T11:54:37","slug":"baskan-arikan-onun-fikirleri-yolumuzu-aydinlatmaya-devam-ediyor","status":"publish","type":"post","link":"https:\/\/www.egemtv.com\/?p=66606","title":{"rendered":"Ba\u015fkan Ar\u0131kan: &#8220;O\u2019nun fikirleri, yolumuzu ayd\u0131nlatmaya devam ediyor&#8221;"},"content":{"rendered":"<p>Gazi Mustafa Kemal Atat\u00fcrk\u2019\u00fcn akl\u0131n ve \u00f6zg\u00fcrl\u00fc\u011f\u00fcn sembol\u00fc oldu\u011funa dikkat \u00e7eken S\u00f6ke Belediye Ba\u015fkan\u0131 Dr. Mustafa \u0130berya Ar\u0131kan; &#8220;O\u2019nun fikirleri, yolumuzu ayd\u0131nlatmaya devam ediyor&#8221; dedi.<\/p>\n<p>S\u00f6ke Belediye Ba\u015fkan\u0131 Dr. Mustafa \u0130berya Ar\u0131kan, T\u00fcrkiye Cumhuriyeti\u2019nin kurucusu Gazi Mustafa Kemal Atat\u00fcrk\u2019\u00fcn ebediyete intikalinin 87. y\u0131l d\u00f6n\u00fcm\u00fc dolay\u0131s\u0131yla bir anma mesaj\u0131 yay\u0131mlad\u0131. Ba\u015fkan Ar\u0131kan mesaj\u0131nda; &#8220;Cumhuriyetimizin kurucusu, b\u00fcy\u00fck \u00f6nder Gazi Mustafa Kemal Atat\u00fcrk\u2019\u00fc, aram\u0131zdan ayr\u0131l\u0131\u015f\u0131n\u0131n y\u0131ld\u00f6n\u00fcm\u00fcnde sayg\u0131, sevgi, minnet ve \u00f6zlemle an\u0131yoruz&#8221; dedi.<\/p>\n<p>Ba\u015fkan Ar\u0131kan mesaj\u0131nda, &#8220;Atat\u00fcrk, yaln\u0131zca bir ulusun kaderini de\u011fi\u015ftiren e\u015fsiz bir lider de\u011fil, ayn\u0131 zamanda \u00e7a\u011fda\u015f d\u00fc\u015f\u00fcncenin, bilimin, akl\u0131n ve \u00f6zg\u00fcrl\u00fc\u011f\u00fcn simgesidir. Onun fikirleri, ilke ve devrimleri bug\u00fcn de bizlere yol g\u00f6stermeye, yolumuzu ayd\u0131nlatmaya devam ediyor. Gazi Mustafa Kemal Atat\u00fcrk, sadece T\u00fcrk Ulusu\u2019na de\u011fil t\u00fcm d\u00fcnyaya ilham kayna\u011f\u0131 olmu\u015f bir devlet adam\u0131, e\u015fsiz bir komutan olmu\u015ftur. Bizler, Atat\u00fcrk\u2019\u00fcn g\u00f6sterdi\u011fi hedef olan \u2018muas\u0131r medeniyetler seviyesinin \u00fczerine \u00e7\u0131kma\u2019 idealini rehber edinerek, Cumhuriyet\u2019in de\u011ferlerine sahip \u00e7\u0131kmay\u0131 en b\u00fcy\u00fck g\u00f6rev biliyoruz. Bu bilin\u00e7le, S\u00f6kemizde de Atat\u00fcrk\u2019\u00fcn miras\u0131na yak\u0131\u015f\u0131r bir \u015fekilde \u00e7al\u0131\u015fmay\u0131 s\u00fcrd\u00fcrece\u011fiz. Bu duygu ve d\u00fc\u015f\u00fcncelerle; ba\u015fta Gazi Mustafa Kemal Atat\u00fcrk olmak \u00fczere, silah arkada\u015flar\u0131n\u0131, aziz \u015fehitlerimizi ve kahraman gazilerimizi rahmet, minnet ve sayg\u0131yla an\u0131yorum&#8221; ifadelerini kulland\u0131.<br \/><\/p>\n","protected":false},"excerpt":{"rendered":"<p>Gazi Mustafa Kemal Atat\u00fcrk\u2019\u00fcn akl\u0131n ve \u00f6zg\u00fcrl\u00fc\u011f\u00fcn sembol\u00fc oldu\u011funa dikkat \u00e7eken S\u00f6ke Belediye Ba\u015fkan\u0131 Dr. Mustafa \u0130berya Ar\u0131kan; &#8220;O\u2019nun fikirleri, yolumuzu ayd\u0131nlatmaya devam ediyor&#8221; dedi. S\u00f6ke Belediye Ba\u015fkan\u0131 Dr. Mustafa \u0130berya Ar\u0131kan, T\u00fcrkiye Cumhuriyeti\u2019nin kurucusu Gazi Mustafa Kemal Atat\u00fcrk\u2019\u00fcn ebediyete intikalinin 87. y\u0131l d\u00f6n\u00fcm\u00fc dolay\u0131s\u0131yla bir anma mesaj\u0131 yay\u0131mlad\u0131. Ba\u015fkan Ar\u0131kan mesaj\u0131nda; &#8220;Cumhuriyetimizin kurucusu, b\u00fcy\u00fck&#8230;<\/p>\n","protected":false},"author":1,"featured_media":66607,"comment_status":"open","ping_status":"open","sticky":false,"template":"","format":"standard","meta":{"_crdt_document":"","footnotes":""},"categories":[127],"tags":[],"class_list":["post-66606","post","type-post","status-publish","format-standard","has-post-thumbnail","hentry","category-siyaset"],"_links":{"self":[{"href":"https:\/\/www.egemtv.com\/index.php?rest_route=\/wp\/v2\/posts\/66606","targetHints":{"allow":["GET"]}}],"collection":[{"href":"https:\/\/www.egemtv.com\/index.php?rest_route=\/wp\/v2\/posts"}],"about":[{"href":"https:\/\/www.egemtv.com\/index.php?rest_route=\/wp\/v2\/types\/post"}],"author":[{"embeddable":true,"href":"https:\/\/www.egemtv.com\/index.php?rest_route=\/wp\/v2\/users\/1"}],"replies":[{"embeddable":true,"href":"https:\/\/www.egemtv.com\/index.php?rest_route=%2Fwp%2Fv2%2Fcomments&post=66606"}],"version-history":[{"count":1,"href":"https:\/\/www.egemtv.com\/index.php?rest_route=\/wp\/v2\/posts\/66606\/revisions"}],"predecessor-version":[{"id":66608,"href":"https:\/\/www.egemtv.com\/index.php?rest_route=\/wp\/v2\/posts\/66606\/revisions\/66608"}],"wp:featuredmedia":[{"embeddable":true,"href":"https:\/\/www.egemtv.com\/index.php?rest_route=\/wp\/v2\/media\/66607"}],"wp:attachment":[{"href":"https:\/\/www.egemtv.com\/index.php?rest_route=%2Fwp%2Fv2%2Fmedia&parent=66606"}],"wp:term":[{"taxonomy":"category","embeddable":true,"href":"https:\/\/www.egemtv.com\/index.php?rest_route=%2Fwp%2Fv2%2Fcategories&post=66606"},{"taxonomy":"post_tag","embeddable":true,"href":"https:\/\/www.egemtv.com\/index.php?rest_route=%2Fwp%2Fv2%2Ftags&post=66606"}],"curies":[{"name":"wp","href":"https:\/\/api.w.org\/{rel}","templated":true}]}}