{"id":66582,"date":"2025-11-08T13:15:02","date_gmt":"2025-11-08T10:15:02","guid":{"rendered":"https:\/\/www.egemtv.com\/?p=66582"},"modified":"2025-11-08T13:15:03","modified_gmt":"2025-11-08T10:15:03","slug":"soke-devlet-hastanesinden-organ-bagisi-farkindaligi","status":"publish","type":"post","link":"https:\/\/www.egemtv.com\/?p=66582","title":{"rendered":"S\u00f6ke Devlet Hastanesi\u2019nden organ ba\u011f\u0131\u015f\u0131 fark\u0131ndal\u0131\u011f\u0131"},"content":{"rendered":"<p>Organ Ba\u011f\u0131\u015f\u0131 Haftas\u0131 kapsam\u0131nda S\u00f6ke Fehime Faik Kocag\u00f6z Devlet Hastanesi taraf\u0131ndan hastane i\u00e7erisinde bilgilendirme stand\u0131 kuruldu. Stantta vatanda\u015flara organ ba\u011f\u0131\u015f\u0131n\u0131n \u00f6nemi anlat\u0131larak fark\u0131ndal\u0131k olu\u015fturuldu.<\/p>\n<p>Etkinlikte, organ ba\u011f\u0131\u015f\u0131n\u0131n hayati \u00f6nem ta\u015f\u0131d\u0131\u011f\u0131 vurgulanarak &#8220;Organ ba\u011f\u0131\u015f\u0131, hayat kurtar\u0131r; bir ba\u011f\u0131\u015f, bir\u00e7ok insana umut olur&#8221; mesaj\u0131 verildi. G\u00fcn boyu s\u00fcren etkinlikte vatanda\u015flar organ ba\u011f\u0131\u015f\u0131 s\u00fcreci hakk\u0131nda bilgilendirildi, ba\u011f\u0131\u015fta bulunmak isteyenlere de gerekli y\u00f6nlendirmeler yap\u0131ld\u0131. S\u00f6ke Fehime Faik Kocag\u00f6z Devlet Hastanesi yetkilileri, bu t\u00fcr fark\u0131ndal\u0131k \u00e7al\u0131\u015fmalar\u0131n\u0131n toplumda duyarl\u0131l\u0131\u011f\u0131 art\u0131rmak a\u00e7\u0131s\u0131ndan b\u00fcy\u00fck \u00f6nem ta\u015f\u0131d\u0131\u011f\u0131n\u0131 belirterek, organ ba\u011f\u0131\u015f\u0131n\u0131n yayg\u0131nla\u015fmas\u0131 i\u00e7in benzer etkinliklerin s\u00fcrd\u00fcr\u00fclece\u011fini ifade ettiler.<br \/><\/p>\n","protected":false},"excerpt":{"rendered":"<p>Organ Ba\u011f\u0131\u015f\u0131 Haftas\u0131 kapsam\u0131nda S\u00f6ke Fehime Faik Kocag\u00f6z Devlet Hastanesi taraf\u0131ndan hastane i\u00e7erisinde bilgilendirme stand\u0131 kuruldu. Stantta vatanda\u015flara organ ba\u011f\u0131\u015f\u0131n\u0131n \u00f6nemi anlat\u0131larak fark\u0131ndal\u0131k olu\u015fturuldu. Etkinlikte, organ ba\u011f\u0131\u015f\u0131n\u0131n hayati \u00f6nem ta\u015f\u0131d\u0131\u011f\u0131 vurgulanarak &#8220;Organ ba\u011f\u0131\u015f\u0131, hayat kurtar\u0131r; bir ba\u011f\u0131\u015f, bir\u00e7ok insana umut olur&#8221; mesaj\u0131 verildi. G\u00fcn boyu s\u00fcren etkinlikte vatanda\u015flar organ ba\u011f\u0131\u015f\u0131 s\u00fcreci hakk\u0131nda bilgilendirildi, ba\u011f\u0131\u015fta bulunmak&#8230;<\/p>\n","protected":false},"author":1,"featured_media":66583,"comment_status":"open","ping_status":"open","sticky":false,"template":"","format":"standard","meta":{"_crdt_document":"","footnotes":""},"categories":[2],"tags":[],"class_list":["post-66582","post","type-post","status-publish","format-standard","has-post-thumbnail","hentry","category-saglik"],"_links":{"self":[{"href":"https:\/\/www.egemtv.com\/index.php?rest_route=\/wp\/v2\/posts\/66582","targetHints":{"allow":["GET"]}}],"collection":[{"href":"https:\/\/www.egemtv.com\/index.php?rest_route=\/wp\/v2\/posts"}],"about":[{"href":"https:\/\/www.egemtv.com\/index.php?rest_route=\/wp\/v2\/types\/post"}],"author":[{"embeddable":true,"href":"https:\/\/www.egemtv.com\/index.php?rest_route=\/wp\/v2\/users\/1"}],"replies":[{"embeddable":true,"href":"https:\/\/www.egemtv.com\/index.php?rest_route=%2Fwp%2Fv2%2Fcomments&post=66582"}],"version-history":[{"count":1,"href":"https:\/\/www.egemtv.com\/index.php?rest_route=\/wp\/v2\/posts\/66582\/revisions"}],"predecessor-version":[{"id":66584,"href":"https:\/\/www.egemtv.com\/index.php?rest_route=\/wp\/v2\/posts\/66582\/revisions\/66584"}],"wp:featuredmedia":[{"embeddable":true,"href":"https:\/\/www.egemtv.com\/index.php?rest_route=\/wp\/v2\/media\/66583"}],"wp:attachment":[{"href":"https:\/\/www.egemtv.com\/index.php?rest_route=%2Fwp%2Fv2%2Fmedia&parent=66582"}],"wp:term":[{"taxonomy":"category","embeddable":true,"href":"https:\/\/www.egemtv.com\/index.php?rest_route=%2Fwp%2Fv2%2Fcategories&post=66582"},{"taxonomy":"post_tag","embeddable":true,"href":"https:\/\/www.egemtv.com\/index.php?rest_route=%2Fwp%2Fv2%2Ftags&post=66582"}],"curies":[{"name":"wp","href":"https:\/\/api.w.org\/{rel}","templated":true}]}}