{"id":66579,"date":"2025-11-08T12:54:46","date_gmt":"2025-11-08T09:54:46","guid":{"rendered":"https:\/\/www.egemtv.com\/?p=66579"},"modified":"2025-11-08T12:54:46","modified_gmt":"2025-11-08T09:54:46","slug":"burdurda-kolunu-hisar-makinesine-kaptiran-isci-agir-yaralandi","status":"publish","type":"post","link":"https:\/\/www.egemtv.com\/?p=66579","title":{"rendered":"Burdur\u2019da kolunu hisar makinesine kapt\u0131ran i\u015f\u00e7i a\u011f\u0131r yaraland\u0131"},"content":{"rendered":"<p>Burdur\u2019da kereste fabrikas\u0131ndan \u00e7al\u0131\u015fan i\u015f\u00e7i hisar makinesine kolunu kapt\u0131rarak a\u011f\u0131r yaraland\u0131.<br \/>\n<br \/>Olay, saat 10.00 s\u0131ralar\u0131nda Ye\u015filyayla Kereste\u2019de meydanda geldi. Edinilen bilgiye g\u00f6re, \u0130ran uyruklu \u015e.T. (37), hisar makinesinde \u00e7al\u0131\u015f\u0131rken hen\u00fcz bilinmeyen bir \u015fekilde kolunu hisar makinesine kapt\u0131rd\u0131. \u0130\u015f arkada\u015flar\u0131n\u0131n ihbar\u0131 \u00fczerine adrese sa\u011fl\u0131k ve polis ekipleri sevk edildi. A\u011f\u0131r yaralanan i\u015f\u00e7i sa\u011fl\u0131k ekipleri taraf\u0131ndan yap\u0131lan ilk m\u00fcdahalenin ard\u0131ndan ambulansla Burdur Devlet Hastanesine kald\u0131r\u0131ld\u0131. Kolunu kaybeden \u015e.T. burada yap\u0131lan tedavinin ard\u0131ndan ambulansla Isparta \u015eehir Hastanesine sevk edildi. Sevk edilmesi s\u0131ras\u0131ndan g\u00f6r\u00fcnt\u00fc \u00e7eken bas\u0131n mensuplar\u0131na ise hastanede \u00e7al\u0131\u015fan \u00f6zel g\u00fcvenlikler engel oldu.<br \/>\n<br \/>Olayla ilgili tahkikat ba\u015flat\u0131ld\u0131.<br \/><\/p>\n","protected":false},"excerpt":{"rendered":"<p>Burdur\u2019da kereste fabrikas\u0131ndan \u00e7al\u0131\u015fan i\u015f\u00e7i hisar makinesine kolunu kapt\u0131rarak a\u011f\u0131r yaraland\u0131. Olay, saat 10.00 s\u0131ralar\u0131nda Ye\u015filyayla Kereste\u2019de meydanda geldi. Edinilen bilgiye g\u00f6re, \u0130ran uyruklu \u015e.T. (37), hisar makinesinde \u00e7al\u0131\u015f\u0131rken hen\u00fcz bilinmeyen bir \u015fekilde kolunu hisar makinesine kapt\u0131rd\u0131. \u0130\u015f arkada\u015flar\u0131n\u0131n ihbar\u0131 \u00fczerine adrese sa\u011fl\u0131k ve polis ekipleri sevk edildi. A\u011f\u0131r yaralanan i\u015f\u00e7i sa\u011fl\u0131k ekipleri taraf\u0131ndan yap\u0131lan&#8230;<\/p>\n","protected":false},"author":1,"featured_media":66580,"comment_status":"open","ping_status":"open","sticky":false,"template":"","format":"standard","meta":{"_crdt_document":"","footnotes":""},"categories":[5],"tags":[],"class_list":["post-66579","post","type-post","status-publish","format-standard","has-post-thumbnail","hentry","category-asayis"],"_links":{"self":[{"href":"https:\/\/www.egemtv.com\/index.php?rest_route=\/wp\/v2\/posts\/66579","targetHints":{"allow":["GET"]}}],"collection":[{"href":"https:\/\/www.egemtv.com\/index.php?rest_route=\/wp\/v2\/posts"}],"about":[{"href":"https:\/\/www.egemtv.com\/index.php?rest_route=\/wp\/v2\/types\/post"}],"author":[{"embeddable":true,"href":"https:\/\/www.egemtv.com\/index.php?rest_route=\/wp\/v2\/users\/1"}],"replies":[{"embeddable":true,"href":"https:\/\/www.egemtv.com\/index.php?rest_route=%2Fwp%2Fv2%2Fcomments&post=66579"}],"version-history":[{"count":1,"href":"https:\/\/www.egemtv.com\/index.php?rest_route=\/wp\/v2\/posts\/66579\/revisions"}],"predecessor-version":[{"id":66581,"href":"https:\/\/www.egemtv.com\/index.php?rest_route=\/wp\/v2\/posts\/66579\/revisions\/66581"}],"wp:featuredmedia":[{"embeddable":true,"href":"https:\/\/www.egemtv.com\/index.php?rest_route=\/wp\/v2\/media\/66580"}],"wp:attachment":[{"href":"https:\/\/www.egemtv.com\/index.php?rest_route=%2Fwp%2Fv2%2Fmedia&parent=66579"}],"wp:term":[{"taxonomy":"category","embeddable":true,"href":"https:\/\/www.egemtv.com\/index.php?rest_route=%2Fwp%2Fv2%2Fcategories&post=66579"},{"taxonomy":"post_tag","embeddable":true,"href":"https:\/\/www.egemtv.com\/index.php?rest_route=%2Fwp%2Fv2%2Ftags&post=66579"}],"curies":[{"name":"wp","href":"https:\/\/api.w.org\/{rel}","templated":true}]}}